{"id":262173,"date":"2025-07-20T23:57:17","date_gmt":"2025-07-20T23:57:17","guid":{"rendered":"https:\/\/www.europesays.com\/fr\/262173\/"},"modified":"2025-07-20T23:57:17","modified_gmt":"2025-07-20T23:57:17","slug":"lue-fait-du-chantage-a-la-georgie-selon-irakli-kobakhidze","status":"publish","type":"post","link":"https:\/\/www.europesays.com\/fr\/262173\/","title":{"rendered":"L\u2019UE fait du chantage \u00e0 la G\u00e9orgie, selon Irakli Kobakhidz\u00e9"},"content":{"rendered":"<p>L\u2019Union europ\u00e9enne est enti\u00e8rement pass\u00e9e en mode d\u2019attaque contre la G\u00e9orgie, en r\u00e9action au refus de Tbilissi d\u2019ouvrir un \u201cdeuxi\u00e8me front\u201d contre la Russie, et elle utiliserait d\u00e9sormais la menace d\u2019annuler le r\u00e9gime d\u2019exemption de visa comme outil de pression. C\u2019est ce qu\u2019a d\u00e9clar\u00e9 le Premier ministre g\u00e9orgien, Irakli Kobakhidz\u00e9, lors d\u2019une conf\u00e9rence de presse.<\/p>\n<p>\u00ab Le d\u00e9sir d\u2019ouvrir un deuxi\u00e8me front en G\u00e9orgie est si fort que le \u201cparti de la guerre mondiale\u201d a r\u00e9organis\u00e9 toute la diplomatie europ\u00e9enne dans le but d\u2019attaquer la G\u00e9orgie, en utilisant comme levier ultime l\u2019\u00e9limination du r\u00e9gime sans visa. Ceux qui souhaitent entra\u00eener notre pays dans une guerre pensent que, si l\u2019UE supprime le r\u00e9gime sans visa \u2014 m\u00eame pour une raison incompr\u00e9hensible \u2014 cela provoquerait un tel chaos dans la soci\u00e9t\u00e9 que cela se terminerait par un coup d\u2019\u00c9tat et l\u2019introduction d\u2019agents au pouvoir \u00bb, a d\u00e9clar\u00e9 Kobakhidz\u00e9.<\/p>\n<p>Le Premier ministre a \u00e9galement accus\u00e9 l\u2019ancienne administration am\u00e9ricaine d\u2019avoir tent\u00e9 d\u2019impliquer la G\u00e9orgie dans la guerre. Selon lui, d\u00e8s le d\u00e9but du conflit militaire en Ukraine, l\u2019ex-secr\u00e9taire d\u2019\u00c9tat am\u00e9ricain Antony Blinken et l\u2019ancienne ambassadrice des \u00c9tats-Unis \u00e0 Tbilissi, Kelly Degnan, auraient commenc\u00e9 \u00e0 faire pression sur la G\u00e9orgie.<\/p>\n","protected":false},"excerpt":{"rendered":"L\u2019Union europ\u00e9enne est enti\u00e8rement pass\u00e9e en mode d\u2019attaque contre la G\u00e9orgie, en r\u00e9action au refus de Tbilissi d\u2019ouvrir&hellip;\n","protected":false},"author":2,"featured_media":262174,"comment_status":"","ping_status":"","sticky":false,"template":"","format":"standard","meta":{"footnotes":""},"categories":[1586],"tags":[11,312,1777,674,1779,1011,27,12337,12,25,1778,364],"class_list":{"0":"post-262173","1":"post","2":"type-post","3":"status-publish","4":"format-standard","5":"has-post-thumbnail","7":"category-europe","8":"tag-actualites","9":"tag-diplomatie","10":"tag-eu","11":"tag-europe","12":"tag-european-union","13":"tag-fr","14":"tag-france","15":"tag-georgie","16":"tag-news","17":"tag-republique-francaise","18":"tag-ue","19":"tag-union-europeenne"},"share_on_mastodon":{"url":"https:\/\/pubeurope.com\/@fr\/114888274370679358","error":""},"_links":{"self":[{"href":"https:\/\/www.europesays.com\/fr\/wp-json\/wp\/v2\/posts\/262173","targetHints":{"allow":["GET"]}}],"collection":[{"href":"https:\/\/www.europesays.com\/fr\/wp-json\/wp\/v2\/posts"}],"about":[{"href":"https:\/\/www.europesays.com\/fr\/wp-json\/wp\/v2\/types\/post"}],"author":[{"embeddable":true,"href":"https:\/\/www.europesays.com\/fr\/wp-json\/wp\/v2\/users\/2"}],"replies":[{"embeddable":true,"href":"https:\/\/www.europesays.com\/fr\/wp-json\/wp\/v2\/comments?post=262173"}],"version-history":[{"count":0,"href":"https:\/\/www.europesays.com\/fr\/wp-json\/wp\/v2\/posts\/262173\/revisions"}],"wp:featuredmedia":[{"embeddable":true,"href":"https:\/\/www.europesays.com\/fr\/wp-json\/wp\/v2\/media\/262174"}],"wp:attachment":[{"href":"https:\/\/www.europesays.com\/fr\/wp-json\/wp\/v2\/media?parent=262173"}],"wp:term":[{"taxonomy":"category","embeddable":true,"href":"https:\/\/www.europesays.com\/fr\/wp-json\/wp\/v2\/categories?post=262173"},{"taxonomy":"post_tag","embeddable":true,"href":"https:\/\/www.europesays.com\/fr\/wp-json\/wp\/v2\/tags?post=262173"}],"curies":[{"name":"wp","href":"https:\/\/api.w.org\/{rel}","templated":true}]}}