{"id":262179,"date":"2025-07-21T00:01:13","date_gmt":"2025-07-21T00:01:13","guid":{"rendered":"https:\/\/www.europesays.com\/fr\/262179\/"},"modified":"2025-07-21T00:01:13","modified_gmt":"2025-07-21T00:01:13","slug":"cfj-le-guide-pratique-de-ledition-2025-federation-francaise-de-golf-ffgolf","status":"publish","type":"post","link":"https:\/\/www.europesays.com\/fr\/262179\/","title":{"rendered":"CFJ : Le guide pratique de l&#039;\u00e9dition 2025 &#8211; F\u00e9d\u00e9ration fran\u00e7aise de golf (ffgolf)"},"content":{"rendered":"<ol>\n<li><a href=\"https:\/\/news.google.com\/rss\/articles\/CBMimAFBVV95cUxNNENQek1JUS1ibGhLeUFtMTV4ZVlFVS1mclllTHl5XzdPTzgyNGRLQWNFVzNSWGNWSlRXMGVSM29BRXY0N0RVa0lpekgyOFh3MEk2NUxad3otX3o3NkFaUmtyQW5lYTZRSkNKNzhLTjU2ZzZNTFVBMWZtRHJwM2NPU2FiZ251cEVSNWcyVmZXckwwTGVOSHprbw?oc=5\" target=\"_blank\" rel=\"nofollow noopener\">CFJ : Le guide pratique de l&rsquo;\u00e9dition 2025<\/a>&nbsp;&nbsp;F\u00e9d\u00e9ration fran\u00e7aise de golf (ffgolf)<\/li>\n<li><a href=\"https:\/\/news.google.com\/rss\/articles\/CBMiwAFBVV95cUxPZm41WFVqWXZrUmg2VGw0NUpwcTFwMHU2MTRTT2xZWEVmd1JtSkJvbkZaT3VocmkyRWFCVVMwdUxCa2E3R3J2SWYzckxHZTlMSTkzNkhUVGlmNjZRWjE2V29pNGVQemJ4ZzNDc1IxYUt0V2g3MHdlbU94eS1waUJpRi1weHkya1NiSVRWM29XTDQxZllEWV9yMm9zUXpFNkZRdmNoQ0xqZEEydmxvZXRWLWd1S3dWQ0RVcm0zWDgwbHc?oc=5\" target=\"_blank\" rel=\"nofollow noopener\">Golf. Myl\u00e8ne Tacquard et El\u00e9onore Vignaud en route pour les championnats de France<\/a>&nbsp;&nbsp;L&rsquo;Est R\u00e9publicain<\/li>\n<li><a href=\"https:\/\/news.google.com\/rss\/articles\/CBMilgFBVV95cUxOczl2X0liaWEzT2FTSno4SDlqSnd2YmFQb2VCQjZjYUZIQ1N2YVRVU0pCOUs2a1drU19aX3BoQ2RRLWVrTWxWWnlCRnhKb09DaFNkVk9fZGI0dXRJMTRQSElpVjladzNHYjUzbWdSWFRxeVBMa0V4T1J2RGVaYThPS2tRR3BwZjVoMHlhMDJxM0prUkpwR2c?oc=5\" target=\"_blank\" rel=\"nofollow noopener\">Championnat de France U12\/Benjamins du 21 au 26 juillet 2025<\/a>&nbsp;&nbsp;Ligue de Bretagne de Golf<\/li>\n<li><a href=\"https:\/\/news.google.com\/rss\/articles\/CBMirAFBVV95cUxNYXZGNndXYkpGMWprakJNc2d1a1RwWlFzdEpPOU9QNWFMZ05jTnZYWE04SE5kbjhyZ05feUM3VHF6MnBrNjRYdk5rMzUwS0JqRWd5QmhNa09tV1VkdWlkLUZ4RS1MQ1p3RTJVcW80RlZ3Vmt0WHlLUE1FUllCSzRuWkthczVUX3BKemFWeHhxWjhmNHpDcG00ZmVBUjRYYzIyX0F6ZkJtRXFTVzE1?oc=5\" target=\"_blank\" rel=\"nofollow noopener\">Les championnats de France en approche<\/a>&nbsp;&nbsp;guadeloupe.franceantilles.fr<\/li>\n<li><a href=\"https:\/\/news.google.com\/rss\/articles\/CBMigwJBVV95cUxQMkRyeXRwSVlWNlRwVzNHZ3JHR2VBbUVvOHZuUzkxaHRNZlZDM0NtbFgzSFd3ZkgwYTVkZWhrb29UWkJORXZXbllXU1dzNGVISDhpU0FicHBuWHBZejFlZXd6SGNOSFlWSjJ5V3Jjb283NFBzV0ZmaThkdXRfX2hFV0Yzc3F4aU1uTV9ZTnJsOFJQbmVXaTNDTnJ2MnNOLXlXVHlsNmZIWm5Fd2pBUEk0NGlkYkkyZWNISDBTdE9JR0dpTkhrT2ZyZGZJbzdmc0I4eUx6aHhHNmtWMXdIYi1yQ1NsUkJvQnFBdUF2MmViRExMUDN0Zmh5bHlGNjA1a2xZaURR?oc=5\" target=\"_blank\" rel=\"nofollow noopener\">Les meilleurs jeunes golfeurs fran\u00e7ais s\u2019affrontent par \u00e9quipe ce week-end sur le 18 trous de Bellevue-Vosges du sud<\/a>&nbsp;&nbsp;L&rsquo;Est R\u00e9publicain<\/li>\n<\/ol>\n","protected":false},"excerpt":{"rendered":"CFJ : Le guide pratique de l&rsquo;\u00e9dition 2025&nbsp;&nbsp;F\u00e9d\u00e9ration fran\u00e7aise de golf (ffgolf) Golf. Myl\u00e8ne Tacquard et El\u00e9onore Vignaud&hellip;\n","protected":false},"author":2,"featured_media":262180,"comment_status":"","ping_status":"","sticky":false,"template":"","format":"standard","meta":{"footnotes":""},"categories":[1418],"tags":[1011,27,1472,60],"class_list":{"0":"post-262179","1":"post","2":"type-post","3":"status-publish","4":"format-standard","5":"has-post-thumbnail","7":"category-golf","8":"tag-fr","9":"tag-france","10":"tag-golf","11":"tag-sports"},"share_on_mastodon":{"url":"https:\/\/pubeurope.com\/@fr\/114888289982420961","error":""},"_links":{"self":[{"href":"https:\/\/www.europesays.com\/fr\/wp-json\/wp\/v2\/posts\/262179","targetHints":{"allow":["GET"]}}],"collection":[{"href":"https:\/\/www.europesays.com\/fr\/wp-json\/wp\/v2\/posts"}],"about":[{"href":"https:\/\/www.europesays.com\/fr\/wp-json\/wp\/v2\/types\/post"}],"author":[{"embeddable":true,"href":"https:\/\/www.europesays.com\/fr\/wp-json\/wp\/v2\/users\/2"}],"replies":[{"embeddable":true,"href":"https:\/\/www.europesays.com\/fr\/wp-json\/wp\/v2\/comments?post=262179"}],"version-history":[{"count":0,"href":"https:\/\/www.europesays.com\/fr\/wp-json\/wp\/v2\/posts\/262179\/revisions"}],"wp:featuredmedia":[{"embeddable":true,"href":"https:\/\/www.europesays.com\/fr\/wp-json\/wp\/v2\/media\/262180"}],"wp:attachment":[{"href":"https:\/\/www.europesays.com\/fr\/wp-json\/wp\/v2\/media?parent=262179"}],"wp:term":[{"taxonomy":"category","embeddable":true,"href":"https:\/\/www.europesays.com\/fr\/wp-json\/wp\/v2\/categories?post=262179"},{"taxonomy":"post_tag","embeddable":true,"href":"https:\/\/www.europesays.com\/fr\/wp-json\/wp\/v2\/tags?post=262179"}],"curies":[{"name":"wp","href":"https:\/\/api.w.org\/{rel}","templated":true}]}}