{"id":26219,"date":"2025-04-15T08:59:14","date_gmt":"2025-04-15T08:59:14","guid":{"rendered":"https:\/\/www.europesays.com\/fr\/26219\/"},"modified":"2025-04-15T08:59:14","modified_gmt":"2025-04-15T08:59:14","slug":"le-bilan-seleve-a-226-morts-les-corps-ont-ete-rendus-aux-familles","status":"publish","type":"post","link":"https:\/\/www.europesays.com\/fr\/26219\/","title":{"rendered":"le bilan s\u2019\u00e9l\u00e8ve \u00e0 226 morts, les corps ont \u00e9t\u00e9 rendus aux familles"},"content":{"rendered":"<p>Cette catastrophe est consid\u00e9r\u00e9e comme la plus grande trag\u00e9die du si\u00e8cle en R\u00e9publique dominicaine. Le bilan humain d\u00e9passe celui de l\u2019incendie en 2005 d\u2019une prison \u00e0 Higuey, dans l\u2019est du pays, qui avait co\u00fbt\u00e9 la vie \u00e0 136 d\u00e9tenus.<\/p>\n<p class=\"fig-paragraph\">Le bilan de\u00a0<a href=\"http:\/\/www.lefigaro.fr\/flash-actu\/discotheque-effondree-a-saint-domingue-creation-d-une-commission-d-experts-internationaux-pour-determiner-les-causes-20250410\" data-fig-type=\"NewsFlash\" data-gtm-custom-categorie=\"navigation\" data-gtm-custom-action=\"crossclick\" data-gtm-custom-label=\"Contextuel\" data-gtm-event=\"customEventSPE\" data-fig-domain=\"LEFIGARO\" rel=\"nofollow noopener\" target=\"_blank\">l&rsquo;effondrement d&rsquo;une discoth\u00e8que \u00e0 Saint-Domingue<\/a>\u00a0est encore mont\u00e9, passant \u00e0 226 morts. Tous les corps ont \u00e9t\u00e9 rendus \u00e0 leurs proches, ont annonc\u00e9 ce samedi les autorit\u00e9s. Le toit du club nocturne Jet Set s&rsquo;est effondr\u00e9 \u00e0 00h44 (06h44 heure fran\u00e7aise) le 8 avril, alors que le c\u00e9l\u00e8bre\u00a0<a href=\"http:\/\/www.lefigaro.fr\/musique\/qui-etait-rubby-perez-voix-du-merengue-mort-sur-scene-dans-l-effondrement-du-toit-d-une-discotheque-dominicaine-20250409\" data-fig-type=\"NewsFlash\" data-gtm-custom-categorie=\"navigation\" data-gtm-custom-action=\"crossclick\" data-gtm-custom-label=\"Contextuel\" data-gtm-event=\"customEventSPE\" data-fig-domain=\"LEFIGARO\" rel=\"nofollow noopener\" target=\"_blank\">chanteur de merengue Rubby P\u00e9rez<\/a>\u00a0se produisait sur sc\u00e8ne. Il est \u00e9galement d\u00e9c\u00e9d\u00e9 sur place. \u00abIl y a 221 morts de la zone z\u00e9ro (lieu du drame) et quatre qui proviennent des h\u00f4pitaux\u00bb, avait d\u00e9clar\u00e9 lors d&rsquo;une conf\u00e9rence de presse samedi matin le ministre de la Sant\u00e9 publique Victor Atallah. Par la suite, une bless\u00e9e costaricienne est d\u00e9c\u00e9d\u00e9e \u00e0 l\u2019h\u00f4pital, portant le bilan \u00e0 226 morts. M. Atallah a soulign\u00e9 que le bilan pourrait encore s\u2019alourdir, plusieurs patients \u00e9tant toujours entre la vie et la mort.<\/p>\n<p class=\"fig-paragraph\">Consid\u00e9r\u00e9e comme la plus grande trag\u00e9die du si\u00e8cle en R\u00e9publique dominicaine, la catastrophe d\u00e9passe, en termes de bilan humain, l&rsquo;incendie en 2005 d&rsquo;une prison \u00e0 Higuey, dans l&rsquo;est du pays, qui avait co\u00fbt\u00e9 la vie \u00e0 136 d\u00e9tenus. Le ministre a aussi affirm\u00e9 que \u00abtous les corps ont \u00e9t\u00e9 rendus\u00bb aux proches des victimes, mettant ainsi fin \u00e0 leur longue attente devant la morgue. Depuis mardi, des dizaines de personnes \u00e9taient agglutin\u00e9es devant l&rsquo;\u00e9tablissement. Samedi, cette foule avait disparu, selon des images de la t\u00e9l\u00e9vision.<\/p>\n<p class=\"fig-paragraph\">Le gouvernement avait annonc\u00e9 avoir embauch\u00e9 vendredi 12 m\u00e9decins l\u00e9gistes pour effectuer le processus d&rsquo;identification et les autopsies, afin d&rsquo;acc\u00e9l\u00e9rer le processus de remise des corps aux familles.<\/p>\n<p>\u00abC\u2019\u00e9tait trop d\u00e9chirant\u00bb<\/p>\n<p class=\"fig-paragraph\">Une veill\u00e9e rassemblant des dizaines de personnes a \u00e9t\u00e9 improvis\u00e9e dans la soir\u00e9e de vendredi pr\u00e8s de la bo\u00eete de nuit. \u00abUne fleur peinte pour chaque ange l\u00e0-haut. Que leur repos soit \u00e9ternel, nous nous souviendrons d&rsquo;eux ici et nous ferons l&rsquo;\u00e9cho de cette grande injustice qui doit \u00eatre expliqu\u00e9e\u00bb, peut-on lire sur un autel. \u00abC&rsquo;est la plus grande trag\u00e9die que j&rsquo;ai pu voir au cours des ann\u00e9es que j&rsquo;ai v\u00e9cues. Les gens criaient: \u201cSortons d&rsquo;ici, je suis vivante, aidez-moi\u201d\u00a0!&rsquo;\u00bb, a racont\u00e9 Arlenne Matos, 47 ans, une voisine du quartier, apr\u00e8s avoir pri\u00e9 en larmes devant cet autel.<\/p>\n<p class=\"fig-paragraph\">Elle \u00e9tait chez elle le jour du drame et se souvient que le sinistre a provoqu\u00e9 un \u00abtremblement\u00bb, une \u00abexplosion\u00bb, mais elle n&rsquo;a compris ce qui se passait qu&rsquo;au lever du jour. \u00abC&rsquo;\u00e9tait trop d\u00e9chirant\u00bb, ajoute-t-elle. Des connaissances ont assist\u00e9 au concert mais sont parties avant que la trag\u00e9die ne se produise. \u00abDieu leur a donn\u00e9 la chance de vivre\u00bb, dit-elle.<\/p>\n<p>Des bougies blanches, des ballons noirs et des fleurs<\/p>\n<p class=\"fig-paragraph\">R\u00e9guli\u00e8rement, des v\u00e9hicules s&rsquo;arr\u00eatent devant l&rsquo;autel. Leurs occupants observent la zone du d\u00e9sastre, se recueillent quelques instants. D&rsquo;autres s&rsquo;approchent pour d\u00e9poser des bougies blanches, des ballons noirs et blancs, des fleurs ou des messages.\u00a0<a href=\"http:\/\/www.lefigaro.fr\/international\/passionne-de-la-vie-qui-etait-le-couple-de-francais-decede-dans-l-effondrement-d-une-discotheque-en-republique-dominicaine-20250411\" data-fig-type=\"Article\" data-gtm-custom-categorie=\"navigation\" data-gtm-custom-action=\"crossclick\" data-gtm-custom-label=\"Contextuel\" data-gtm-event=\"customEventSPE\" data-fig-domain=\"LEFIGARO\" rel=\"nofollow noopener\" target=\"_blank\">Parmi les victimes d\u00e9c\u00e9d\u00e9es figurent notamment un couple de Fran\u00e7ais\u00a0<\/a>r\u00e9sidant en R\u00e9publique dominicaine et un Italien. Washington, qui a pr\u00e9sent\u00e9 \u00abses plus sinc\u00e8res condol\u00e9ances\u00bb au pr\u00e9sident Luis Abinader, a annonc\u00e9 vendredi le d\u00e9c\u00e8s de \u00abplusieurs citoyens am\u00e9ricains\u00bb, sans donner de chiffre. La presse a fait \u00e9tat d&rsquo;un K\u00e9nyan, d&rsquo;un Ha\u00eftien et de V\u00e9n\u00e9zu\u00e9liens tu\u00e9s.<\/p>\n<p class=\"fig-paragraph\">\u00abLe peuple dominicain est en deuil avec l&rsquo;\u00e9norme quantit\u00e9 de d\u00e9c\u00e8s (&#8230;) Nous sommes tr\u00e8s tristes\u00bb, a affirm\u00e9 vendredi le pr\u00e9sident Luis Abinader \u00e0 la presse. Il a soulign\u00e9 qu&rsquo;il fallait \u00abdes r\u00e9ponses \u00e0 ce qui s&rsquo;est pass\u00e9. Pourquoi cela s&rsquo;est pass\u00e9. Comment cela s&rsquo;est pass\u00e9. En attendant, nous allons pleurer les n\u00f4tres, et ensuite trouver ces r\u00e9ponses\u00bb.<\/p>\n","protected":false},"excerpt":{"rendered":"Cette catastrophe est consid\u00e9r\u00e9e comme la plus grande trag\u00e9die du si\u00e8cle en R\u00e9publique dominicaine. Le bilan humain d\u00e9passe&hellip;\n","protected":false},"author":2,"featured_media":26220,"comment_status":"","ping_status":"","sticky":false,"template":"","format":"standard","meta":{"footnotes":""},"categories":[5],"tags":[259,11,260,7124,7122,1011,27,14,261,12,262,9334,28],"class_list":{"0":"post-26219","1":"post","2":"type-post","3":"status-publish","4":"format-standard","5":"has-post-thumbnail","7":"category-international","8":"tag-actualite-internationale","9":"tag-actualites","10":"tag-affaires-etrangeres","11":"tag-discotheque","12":"tag-effondrement","13":"tag-fr","14":"tag-france","15":"tag-international","16":"tag-ministere-des-affaires-etrangeres","17":"tag-news","18":"tag-politique-etrangere","19":"tag-republique-dominicaine","20":"tag-world"},"share_on_mastodon":{"url":"https:\/\/pubeurope.com\/@fr\/114341161458176386","error":""},"_links":{"self":[{"href":"https:\/\/www.europesays.com\/fr\/wp-json\/wp\/v2\/posts\/26219","targetHints":{"allow":["GET"]}}],"collection":[{"href":"https:\/\/www.europesays.com\/fr\/wp-json\/wp\/v2\/posts"}],"about":[{"href":"https:\/\/www.europesays.com\/fr\/wp-json\/wp\/v2\/types\/post"}],"author":[{"embeddable":true,"href":"https:\/\/www.europesays.com\/fr\/wp-json\/wp\/v2\/users\/2"}],"replies":[{"embeddable":true,"href":"https:\/\/www.europesays.com\/fr\/wp-json\/wp\/v2\/comments?post=26219"}],"version-history":[{"count":0,"href":"https:\/\/www.europesays.com\/fr\/wp-json\/wp\/v2\/posts\/26219\/revisions"}],"wp:featuredmedia":[{"embeddable":true,"href":"https:\/\/www.europesays.com\/fr\/wp-json\/wp\/v2\/media\/26220"}],"wp:attachment":[{"href":"https:\/\/www.europesays.com\/fr\/wp-json\/wp\/v2\/media?parent=26219"}],"wp:term":[{"taxonomy":"category","embeddable":true,"href":"https:\/\/www.europesays.com\/fr\/wp-json\/wp\/v2\/categories?post=26219"},{"taxonomy":"post_tag","embeddable":true,"href":"https:\/\/www.europesays.com\/fr\/wp-json\/wp\/v2\/tags?post=26219"}],"curies":[{"name":"wp","href":"https:\/\/api.w.org\/{rel}","templated":true}]}}