{"id":262194,"date":"2025-07-21T00:11:14","date_gmt":"2025-07-21T00:11:14","guid":{"rendered":"https:\/\/www.europesays.com\/fr\/262194\/"},"modified":"2025-07-21T00:11:14","modified_gmt":"2025-07-21T00:11:14","slug":"la-cour-dune-agence-darchitectes-ouverte-aux-projets-associatifs-ou-collectifs","status":"publish","type":"post","link":"https:\/\/www.europesays.com\/fr\/262194\/","title":{"rendered":"la cour d\u2019une agence d\u2019architectes ouverte aux projets associatifs ou collectifs"},"content":{"rendered":"<p>Guillaume Trocm\u00e9, Estelle Bemeri et Louis Albagnac sont les architectes associ\u00e9s propri\u00e9taires des lieux, rue de la Chauss\u00e9e, dans le quartier Montierneuf, o\u00f9 ils am\u00e9nagent leur agence en septembre\u00a02021, apr\u00e8s une installation \u00e0 Couh\u00e9 puis rue des Carm\u00e9lites \u00e0 Poitiers. Le trio est l\u2019adjudicataire d\u2019une vente aux ench\u00e8res r\u00e9alis\u00e9e pour cette friche urbaine situ\u00e9e \u00e0 deux pas de la place Duguesclin. Apr\u00e8s des travaux de r\u00e9habilitation de ce qui fut un moulin \u00e0 tan et un moulin \u00e0 farine dans les ann\u00e9es 1900, les trois entrepreneurs se rendent compte du potentiel du lieu.<\/p>\n<p>Tisser des liens pour pr\u00e9parer la f\u00eate de quartier<\/p>\n<p>\u00ab\u00a0C\u2019\u00e9tait trop grand pour nous, se souviennent-ils. On s\u2019est dit qu\u2019on peut partager les lieux alors qu\u2019on est proche de la gare.\u00a0\u00bb Travaillant aux c\u00f4t\u00e9s de huit collaborateurs, les associ\u00e9s vont \u00e9largir leur \u00e9quipe, mais ont pu accueillir deux autres agences d\u2019architecture. \u00ab\u00a0C\u2019est une richesse. Il y a un \u00e9change de savoirs, d\u2019exp\u00e9riences, de sensibilit\u00e9s\u00a0\u00bb, souligne Estelle Bemeri. \u00ab\u00a0Avec trois plateaux de 60\u00a0m2 chacun, nous pouvons aussi recevoir des professionnels du march\u00e9 du b\u00e2timent, des avocats, des bureaux d\u2019\u00e9tudes, des g\u00e9om\u00e8tres, avec qui on peut travailler, mais on n\u2019est pas oblig\u00e9s\u00a0\u00bb, rench\u00e9rit Guillaume Trocm\u00e9.<\/p>\n<p>R\u00e9pondant aujourd\u2019hui essentiellement \u00e0 la commande publique, l\u2019agence d\u00e9veloppe son esprit de partage en offrant un acc\u00e8s gratuit \u00e0 la cour de pr\u00e8s de 500\u00a0m2 au 4, rue Grignion-de-Montfort. \u00ab\u00a0Une Amap [association pour le maintien de l\u2019agriculture paysanne] voudrait proposer un petit march\u00e9, un soir par semaine, pourquoi pas\u00a0?\u00a0\u00bb, imagine Guillaume Trocm\u00e9. Des habitants souhaitent se retrouver pour sociabiliser autour d\u2019un caf\u00e9 associatif\u00a0? La Maison des trois quartiers organise un atelier de cuisine\u00a0? Des artistes cherchent un lieu pour leur vernissage\u00a0? Guillaume Trocm\u00e9, Estelle Bemeri et Louis Albagnac leur ouvrent l\u2019acc\u00e8s \u00e0 la cour inoccup\u00e9e de l\u2019Atelier du trait gratuitement, le soir et le week-end, contre signature d\u2019une convention.<\/p>\n<p>D\u00e9j\u00e0, ils aimeraient tisser des liens pour pr\u00e9parer la f\u00eate de quartier qui se tient en septembre, et forment un r\u00e9servoir d\u2019id\u00e9es, un r\u00e9servoir de possibles, ce qui a donn\u00e9 son nom au lieu partag\u00e9\u00a0: Le R\u00e9servoir.<\/p>\n<p>Pour toute demande, se d\u00e9placer \u00e0 l\u2019agence l\u2019Atelier du trait au 41, rue de la Chauss\u00e9e \u00e0 Poitiers.<\/p>\n","protected":false},"excerpt":{"rendered":"Guillaume Trocm\u00e9, Estelle Bemeri et Louis Albagnac sont les architectes associ\u00e9s propri\u00e9taires des lieux, rue de la Chauss\u00e9e,&hellip;\n","protected":false},"author":2,"featured_media":262195,"comment_status":"","ping_status":"","sticky":false,"template":"","format":"standard","meta":{"footnotes":""},"categories":[1358],"tags":[1348,1384,1385,9332,1386,58,59,1011,27,1393,1653],"class_list":{"0":"post-262194","1":"post","2":"type-post","3":"status-publish","4":"format-standard","5":"has-post-thumbnail","7":"category-arts-et-design","8":"tag-arts","9":"tag-arts-and-design","10":"tag-arts-et-design","11":"tag-centrepresse","12":"tag-design","13":"tag-divertissement","14":"tag-entertainment","15":"tag-fr","16":"tag-france","17":"tag-loisirs","18":"tag-poitiers"},"share_on_mastodon":{"url":"https:\/\/pubeurope.com\/@fr\/114888329557727255","error":""},"_links":{"self":[{"href":"https:\/\/www.europesays.com\/fr\/wp-json\/wp\/v2\/posts\/262194","targetHints":{"allow":["GET"]}}],"collection":[{"href":"https:\/\/www.europesays.com\/fr\/wp-json\/wp\/v2\/posts"}],"about":[{"href":"https:\/\/www.europesays.com\/fr\/wp-json\/wp\/v2\/types\/post"}],"author":[{"embeddable":true,"href":"https:\/\/www.europesays.com\/fr\/wp-json\/wp\/v2\/users\/2"}],"replies":[{"embeddable":true,"href":"https:\/\/www.europesays.com\/fr\/wp-json\/wp\/v2\/comments?post=262194"}],"version-history":[{"count":0,"href":"https:\/\/www.europesays.com\/fr\/wp-json\/wp\/v2\/posts\/262194\/revisions"}],"wp:featuredmedia":[{"embeddable":true,"href":"https:\/\/www.europesays.com\/fr\/wp-json\/wp\/v2\/media\/262195"}],"wp:attachment":[{"href":"https:\/\/www.europesays.com\/fr\/wp-json\/wp\/v2\/media?parent=262194"}],"wp:term":[{"taxonomy":"category","embeddable":true,"href":"https:\/\/www.europesays.com\/fr\/wp-json\/wp\/v2\/categories?post=262194"},{"taxonomy":"post_tag","embeddable":true,"href":"https:\/\/www.europesays.com\/fr\/wp-json\/wp\/v2\/tags?post=262194"}],"curies":[{"name":"wp","href":"https:\/\/api.w.org\/{rel}","templated":true}]}}