{"id":262198,"date":"2025-07-21T00:13:20","date_gmt":"2025-07-21T00:13:20","guid":{"rendered":"https:\/\/www.europesays.com\/fr\/262198\/"},"modified":"2025-07-21T00:13:20","modified_gmt":"2025-07-21T00:13:20","slug":"lee-byung-hun-tourne-t-il-vraiment-lui-meme-ses-scenes-sous-le-masque-du-maitre-du-jeu","status":"publish","type":"post","link":"https:\/\/www.europesays.com\/fr\/262198\/","title":{"rendered":"Lee Byung-hun tourne-t-il vraiment lui-m\u00eame ses sc\u00e8nes sous le masque du ma\u00eetre du jeu ?"},"content":{"rendered":"<p>Dans la saison 3 de Squid Game, on voit moins le visage de Lee Byung-hun. Apr\u00e8s avoir rejoint la comp\u00e9tition sous le num\u00e9ro 001 pour duper Gi-hun dans la deuxi\u00e8me salve, In-ho reprend son r\u00f4le de ma\u00eetre du jeu dans les nouveaux \u00e9pisodes disponibles sur Netflix. Mais l\u2019acteur tourne-t-il r\u00e9ellement lui-m\u00eame les sc\u00e8nes dans lesquelles son personnage porte le masque noir ?<\/p>\n<p>Depuis le 27 juin, les abonn\u00e9s Netflix peuvent d\u00e9couvrir la conclusion \u00e9pique choisie par le cr\u00e9ateur de Squid Game. Les six \u00e9pisodes de la saison 3 marquent en effet <a href=\"https:\/\/www.programme-tv.net\/news\/series-tv\/381801-squid-game-pas-de-saison-4-pour-la-serie-le-createur-nous-explique-pourquoi\/\" data-api-deeplink=\"teleloisirs:\/\/news\/381801\" target=\"_blank\" rel=\"noopener\">la fin de la s\u00e9rie cor\u00e9enne<\/a>, qui continue de <a href=\"https:\/\/www.programme-tv.net\/news\/series-tv\/382430-squid-game-saison-3-en-seulement-3-jours-la-serie-etablit-deja-un-nouveau-record-sur-netflix\/\" data-api-deeplink=\"teleloisirs:\/\/news\/382430\" target=\"_blank\" rel=\"noopener\">battre des records<\/a>. Si <a href=\"https:\/\/www.programme-tv.net\/news\/series-tv\/382643-cate-blanchett-dans-squid-game-comment-et-pourquoi-s-est-elle-retrouvee-dans-la-saison-3-les-revelations-du-createur\/\" data-api-deeplink=\"teleloisirs:\/\/news\/382643\" target=\"_blank\" rel=\"noopener\">l\u2019ultime sc\u00e8ne avec Cate Blanchett<\/a> semble ouvrir la porte \u00e0 <a href=\"https:\/\/www.programme-tv.net\/news\/series-tv\/382272-squid-game-netflix-les-premieres-infos-sur-le-spin-off-americain\/\" data-api-deeplink=\"teleloisirs:\/\/news\/382272\" target=\"_blank\" rel=\"noopener\">un spin-off am\u00e9ricain<\/a>, rien n\u2019a \u00e9t\u00e9 confirm\u00e9 par la plateforme pour le moment. De son c\u00f4t\u00e9, Lee Byung-hun ne serait pas contre reprendre son r\u00f4le pour une possible s\u00e9rie d\u00e9riv\u00e9e. Il faut dire que son personnage, le ma\u00eetre du jeu, est l\u2019un des rares \u00e0 avoir surv\u00e9cu. Dans cette nouvelle salve, on voit moins le visage de l\u2019acteur, puisqu\u2019il a tourn\u00e9 la plupart de ses sc\u00e8nes masqu\u00e9es. Mais est-ce vraiment lui sous le masque noir ?<\/p>\n<p>Squid Game : Lee Byung-hun a-t-il r\u00e9ellement tourn\u00e9 les sc\u00e8nes o\u00f9 le ma\u00eetre du jeu est masqu\u00e9 ?<\/p>\n<p>Si <a href=\"https:\/\/www.programme-tv.net\/news\/evenement\/disney-plus-streaming\/323162-the-mandalorian-pedro-pascal-est-il-vraiment-dans-le-costume-de-mando\/\" data-api-deeplink=\"teleloisirs:\/\/news\/323162\" target=\"_blank\" rel=\"noopener\">Pedro Pascal ne tourne pas forc\u00e9ment toutes les sc\u00e8nes o\u00f9 son personnage appara\u00eet en costume dans The Mandalorian<\/a>, le doublant parfois simplement en post-production, ce n\u2019est pas le cas de Lee Byung-hun dans Squid Game. L\u2019acteur a bel et bien tourn\u00e9 les sc\u00e8nes de son personnage, m\u00eame quand on ne voit pas son visage. C\u2019est ce que nous a affirm\u00e9 <a href=\"https:\/\/www.programme-tv.net\/news\/series-tv\/382910-exclu-squid-game-saison-3-javais-peur-on-a-retrouve-l-acteur-francais-qui-se-cache-au-casting-de-la-serie-numero-1-de-netflix\/\" data-api-deeplink=\"teleloisirs:\/\/news\/382910\" target=\"_blank\" rel=\"noopener\">Jordan Lambertoni, l\u2019acteur fran\u00e7ais qui incarne l\u2019un des VIPs de cette troisi\u00e8me salve<\/a>. Ce dernier, qui s\u2019est aussi confi\u00e9 sur <a href=\"https:\/\/www.programme-tv.net\/news\/series-tv\/382914-exclu-squid-game-saison-3-de-la-pure-haine-gratuite-le-vip-francais-repond-aux-critiques-violentes-des-internautes\/\" data-api-deeplink=\"teleloisirs:\/\/news\/382914\" target=\"_blank\" rel=\"noopener\">les nombreuses critiques des internautes sur son r\u00f4le<\/a> a assur\u00e9 que la star cor\u00e9enne a bien tourn\u00e9 en compagnie des VIPs. D\u2019ailleurs, une r\u00e9cente vid\u00e9o des coulisses (\u00e0 voir en fin d\u2019article) montre Lee Byung-hun sur le tournage de la saison 3 de Squid Game. Avant de mettre le masque, on peut voir que l\u2019acteur porte un micro, afin de mieux enregistrer sa voix.<\/p>\n<p>                        Jordan Lambertoni se souvient de cet \u00e9change avec Lee Byung-hun sur le tournage de Squid Game<\/p>\n<p>Pour de nombreux t\u00e9l\u00e9spectateurs, Lee Byung-hun est associ\u00e9 \u00e0 son personnage dans Squid Game, mais l\u2019acteur de 55 ans est une star en Cor\u00e9e du Sud depuis de nombreuses ann\u00e9es, lui qui a commenc\u00e9 sa carri\u00e8re dans les ann\u00e9es 1990. Le rencontrer a \u00e9t\u00e9 une joie pour Jordan Lambertoni, qui a confi\u00e9 \u00e0 T\u00e9l\u00e9-Loisirs : \u00ab\u00a0Un midi, j\u2019ai pu parler avec Lee Byung-hun. Il est vraiment tr\u00e8s sympa et tr\u00e8s humble. C&rsquo;\u00e9tait tr\u00e8s, tr\u00e8s cool\u00a0\u00bb.<\/p>\n<p>Lee Byung-hun avait pr\u00e9venu que la fin de Squid Game allait \u00e9tonner les internautes<\/p>\n<p>Avant la sortie de l\u2019ultime saison de Squid Game, <a href=\"https:\/\/www.programme-tv.net\/news\/series-tv\/381378-squid-game-saison-3-la-mise-en-garde-de-lee-byung-hun-le-maitre-du-jeu-sur-la-fin-de-la-serie\/\" data-api-deeplink=\"teleloisirs:\/\/news\/381378\" target=\"_blank\" rel=\"noopener\">T\u00e9l\u00e9-Loisirs s\u2019\u00e9tait entretenu avec Lee Byung-hun au sujet de la fin de la s\u00e9rie<\/a>. L\u2019acteur nous avait alors confi\u00e9 au sujet du ma\u00eetre du jeu : \u00ab\u00a0M\u00eame si vous regardez la s\u00e9rie jusqu\u2019\u00e0 la fin, les intentions du ma\u00eetre du jeu ne seront peut-\u00eatre pas tr\u00e8s claires car c\u2019est r\u00e9ellement un personnage \u00e9nigmatique. Je pense que c\u2019est le charme de ce personnage\u00a0\u00bb.<\/p>\n<p>Il est vrai qu\u2019\u00e0 la fin de la s\u00e9rie, les intentions du personnage sont toujours floues. A-t-il vraiment chang\u00e9 suite \u00e0 sa rencontre avec Gi-hun, puisqu\u2019il va \u00e0 la rencontre de la fille de ce dernier ? Est-il toujours aussi manipulateur et pr\u00eat \u00e0 profiter de la faiblesse des autres ? On comprend mieux pourquoi <a href=\"https:\/\/www.programme-tv.net\/news\/series-tv\/381829-squid-game-l-avis-tranche-du-createur-sur-un-futur-spin-off-de-la-serie\/\" data-api-deeplink=\"teleloisirs:\/\/news\/381829\" target=\"_blank\" rel=\"noopener\">l\u2019acteur a expliqu\u00e9 qu\u2019il ne serait pas contre rejouer In-ho \u00e0 l\u2019avenir<\/a>\u2026<\/p><\/p>\n","protected":false},"excerpt":{"rendered":"Dans la saison 3 de Squid Game, on voit moins le visage de Lee Byung-hun. Apr\u00e8s avoir rejoint&hellip;\n","protected":false},"author":2,"featured_media":262199,"comment_status":"","ping_status":"","sticky":false,"template":"","format":"standard","meta":{"footnotes":""},"categories":[1356],"tags":[244,58,59,1011,27,127,1722,19465,1721,129,252,1364],"class_list":{"0":"post-262198","1":"post","2":"type-post","3":"status-publish","4":"format-standard","5":"has-post-thumbnail","7":"category-television","8":"tag-commentaire","9":"tag-divertissement","10":"tag-entertainment","11":"tag-fr","12":"tag-france","13":"tag-netflix","14":"tag-pub-streaming-netflix","15":"tag-squid-game","16":"tag-su00e9rie-netflix","17":"tag-svod","18":"tag-television","19":"tag-tv"},"share_on_mastodon":{"url":"https:\/\/pubeurope.com\/@fr\/114888337254601257","error":""},"_links":{"self":[{"href":"https:\/\/www.europesays.com\/fr\/wp-json\/wp\/v2\/posts\/262198","targetHints":{"allow":["GET"]}}],"collection":[{"href":"https:\/\/www.europesays.com\/fr\/wp-json\/wp\/v2\/posts"}],"about":[{"href":"https:\/\/www.europesays.com\/fr\/wp-json\/wp\/v2\/types\/post"}],"author":[{"embeddable":true,"href":"https:\/\/www.europesays.com\/fr\/wp-json\/wp\/v2\/users\/2"}],"replies":[{"embeddable":true,"href":"https:\/\/www.europesays.com\/fr\/wp-json\/wp\/v2\/comments?post=262198"}],"version-history":[{"count":0,"href":"https:\/\/www.europesays.com\/fr\/wp-json\/wp\/v2\/posts\/262198\/revisions"}],"wp:featuredmedia":[{"embeddable":true,"href":"https:\/\/www.europesays.com\/fr\/wp-json\/wp\/v2\/media\/262199"}],"wp:attachment":[{"href":"https:\/\/www.europesays.com\/fr\/wp-json\/wp\/v2\/media?parent=262198"}],"wp:term":[{"taxonomy":"category","embeddable":true,"href":"https:\/\/www.europesays.com\/fr\/wp-json\/wp\/v2\/categories?post=262198"},{"taxonomy":"post_tag","embeddable":true,"href":"https:\/\/www.europesays.com\/fr\/wp-json\/wp\/v2\/tags?post=262198"}],"curies":[{"name":"wp","href":"https:\/\/api.w.org\/{rel}","templated":true}]}}