{"id":262200,"date":"2025-07-21T00:14:10","date_gmt":"2025-07-21T00:14:10","guid":{"rendered":"https:\/\/www.europesays.com\/fr\/262200\/"},"modified":"2025-07-21T00:14:10","modified_gmt":"2025-07-21T00:14:10","slug":"raconter-the-radio-cest-tendre-loreille-a-la-memoire-vivante-du-hip-hop-la-ou-tout-a-commence","status":"publish","type":"post","link":"https:\/\/www.europesays.com\/fr\/262200\/","title":{"rendered":"Raconter \u00a0\u00bbThe Radio\u00a0\u00bb, c&rsquo;est tendre l&rsquo;oreille \u00e0 la m\u00e9moire vivante du hip-hop, l\u00e0 o\u00f9 tout a commenc\u00e9"},"content":{"rendered":"<p>Dans la maison familiale avenue Napol\u00e9on-III, b\u00e2tie par son arri\u00e8re-grand-p\u00e8re au c\u0153ur de Propriano, les murs gardent la m\u00e9moire de g\u00e9n\u00e9rations de conteurs. C&rsquo;est l\u00e0 qu&rsquo;est n\u00e9e une s\u00e9rie documentaire ambitieuse sur les origines de la culture hip-hop \u00e0 Los Angeles. Intitul\u00e9e The Radio, elle tire son nom d&rsquo;un club mythique de la West Coast, creuset de la sc\u00e8ne urbaine am\u00e9ricaine et point de convergence de stars comme Madonna, Michael Jackson ou encore Prince.<\/p>\n","protected":false},"excerpt":{"rendered":"Dans la maison familiale avenue Napol\u00e9on-III, b\u00e2tie par son arri\u00e8re-grand-p\u00e8re au c\u0153ur de Propriano, les murs gardent la&hellip;\n","protected":false},"author":2,"featured_media":262201,"comment_status":"","ping_status":"","sticky":false,"template":"","format":"standard","meta":{"footnotes":""},"categories":[1355],"tags":[17,40203,1687,58,59,21,1011,27,3617,23058,1361,873,40201,40204,40202],"class_list":{"0":"post-262200","1":"post","2":"type-post","3":"status-publish","4":"format-standard","5":"has-post-thumbnail","7":"category-musique","8":"tag-17","9":"tag-brugere-serra","10":"tag-culture-loisirs","11":"tag-divertissement","12":"tag-entertainment","13":"tag-fait","14":"tag-fr","15":"tag-france","16":"tag-hip-hop","17":"tag-lhistoire","18":"tag-music","19":"tag-musique","20":"tag-proprianais","21":"tag-resonner","22":"tag-sampiero"},"share_on_mastodon":{"url":"https:\/\/pubeurope.com\/@fr\/114888341381619308","error":""},"_links":{"self":[{"href":"https:\/\/www.europesays.com\/fr\/wp-json\/wp\/v2\/posts\/262200","targetHints":{"allow":["GET"]}}],"collection":[{"href":"https:\/\/www.europesays.com\/fr\/wp-json\/wp\/v2\/posts"}],"about":[{"href":"https:\/\/www.europesays.com\/fr\/wp-json\/wp\/v2\/types\/post"}],"author":[{"embeddable":true,"href":"https:\/\/www.europesays.com\/fr\/wp-json\/wp\/v2\/users\/2"}],"replies":[{"embeddable":true,"href":"https:\/\/www.europesays.com\/fr\/wp-json\/wp\/v2\/comments?post=262200"}],"version-history":[{"count":0,"href":"https:\/\/www.europesays.com\/fr\/wp-json\/wp\/v2\/posts\/262200\/revisions"}],"wp:featuredmedia":[{"embeddable":true,"href":"https:\/\/www.europesays.com\/fr\/wp-json\/wp\/v2\/media\/262201"}],"wp:attachment":[{"href":"https:\/\/www.europesays.com\/fr\/wp-json\/wp\/v2\/media?parent=262200"}],"wp:term":[{"taxonomy":"category","embeddable":true,"href":"https:\/\/www.europesays.com\/fr\/wp-json\/wp\/v2\/categories?post=262200"},{"taxonomy":"post_tag","embeddable":true,"href":"https:\/\/www.europesays.com\/fr\/wp-json\/wp\/v2\/tags?post=262200"}],"curies":[{"name":"wp","href":"https:\/\/api.w.org\/{rel}","templated":true}]}}