{"id":262204,"date":"2025-07-21T00:17:11","date_gmt":"2025-07-21T00:17:11","guid":{"rendered":"https:\/\/www.europesays.com\/fr\/262204\/"},"modified":"2025-07-21T00:17:11","modified_gmt":"2025-07-21T00:17:11","slug":"om-un-festival-offensif-pour-le-premier-match-amical-des-olympiens","status":"publish","type":"post","link":"https:\/\/www.europesays.com\/fr\/262204\/","title":{"rendered":"OM. Un festival offensif pour le premier match amical des Olympiens"},"content":{"rendered":"<p>Une promenade de sant\u00e9 pour commencer. Pour sa premi\u00e8re sortie de la saison, officieuse, \u00e0 un peu moins d\u2019un mois de la reprise de la Ligue 1 (15\u00a0ao\u00fbt \u00e0 Rennes), l\u2019OM n\u2019a fait qu\u2019une bouch\u00e9e d\u2019une tr\u00e8s faible \u00e9quipe, l\u2019Excelsior Maassluis (D3 n\u00e9erlandaise). Une victoire nette et sans bavure (5-0), qui s\u2019est n\u00e9anmoins dessin\u00e9e lors du premier acte, durant lequel Roberto De Zerbi avait choisi d\u2019aligner son \u00e9quipe type du moment.<\/p>\n<p>Sous la pluie qui rafra\u00eechissait le KNVB Campus, et <a href=\"https:\/\/www.laprovence.com\/article\/om\/1408090316734715\/om-130-000-personnes-connectees-sur-youtube-pour-suivre-le-premier-match-de-presaison-des-olympiens-face-a-une-d3-neerlandaise\" target=\"_blank\" rel=\"noopener\">devant plus de 130 000 spectateurs, r\u00e9unis sur la cha\u00eene YouTube du club<\/a>, Mason Greenwood, \u00e0 trois reprises (28, 34, 39), Jonathan Rowe (38) et Facundo Medina, pour son bapt\u00eame en blanc (16), ont fait trembler les filets. Plus que les buts inscrits, l\u2019attitude du onze de d\u00e9part a marqu\u00e9 les esprits, via un pressing \u00e9touffant et une qualit\u00e9 technique certaine, notamment celle de l\u2019autre recrue, Angel Gomes.<\/p>\n<p>Prochain rendez-vous ce lundi, face \u00e0 Charleroi<\/p>\n<p>Apr\u00e8s l\u2019entracte, le remaniement complet des troupes a eu un impact sur la qualit\u00e9 du jeu propos\u00e9, m\u00eame si <a href=\"https:\/\/www.laprovence.com\/article\/om\/46755802096654\/om-keyliane-abdallah-signe-son-premier-contrat-professionnel\" target=\"_blank\" rel=\"noopener\">le jeune Keyliane Abdallah<\/a>, depuis son aile droite, s\u2019est d\u00e9men\u00e9 pour essayer de marquer.<\/p>\n<p>Prochain rendez-vous ce lundi, m\u00eame heure (18\u00a0heures) et toujours sur la cha\u00eene YouTube de l\u2019OM. Une rencontre \u00e0 laquelle les minots Yanis Sellami et Max Corbon, appel\u00e9s en renfort par Roberto De Zerbi ce dimanche, pourraient participer. L\u2019adversaire sera, cette fois, l\u2019Olympique Charleroi, pensionnaire de D2 belge.<\/p>\n<p><strong>OM 5 &#8211; Excelsior Maassluis (D3 n\u00e9erlandaise) 0<\/strong><\/p>\n<p><strong>KNVB Campus (Pays-Bas).<\/strong><\/p>\n<p><strong>Mi-temps\u00a0: <\/strong>5-0. <strong>Buts\u00a0: <\/strong>Medina (16), Greenwood (28, 34, 39), Rowe (38).<\/p>\n<p><strong>OM &#8211; 1re mi-temps\u00a0:<\/strong> Rulli &#8211; Murillo, Balerdi (cap.), Medina, Garcia &#8211; Angel Gomes, Hojbjerg &#8211; Greenwood, Rabiot, Rowe &#8211; Gouiri.<\/p>\n<p><strong>OM &#8211; 2e mi-temps\u00a0:<\/strong> De Lange &#8211; Egan-Riley, Kondogbia (cap.), Cornelius, Lirola &#8211; Nadir, Bakola &#8211; Abdallah, Harit, Vaz &#8211; Maupay.<\/p>\n<p><strong>Entra\u00eeneur\u00a0:<\/strong> Roberto De Zerbi<\/p>\n","protected":false},"excerpt":{"rendered":"Une promenade de sant\u00e9 pour commencer. Pour sa premi\u00e8re sortie de la saison, officieuse, \u00e0 un peu moins&hellip;\n","protected":false},"author":2,"featured_media":262205,"comment_status":"","ping_status":"","sticky":false,"template":"","format":"standard","meta":{"footnotes":""},"categories":[9],"tags":[17,34632,849,1011,27,955,22627,149,471,7910,60],"class_list":{"0":"post-262204","1":"post","2":"type-post","3":"status-publish","4":"format-standard","5":"has-post-thumbnail","7":"category-sports","8":"tag-17","9":"tag-amical","10":"tag-festival","11":"tag-fr","12":"tag-france","13":"tag-match","14":"tag-offensif","15":"tag-om","16":"tag-pour","17":"tag-premier","18":"tag-sports"},"share_on_mastodon":{"url":"https:\/\/pubeurope.com\/@fr\/114888353028763634","error":""},"_links":{"self":[{"href":"https:\/\/www.europesays.com\/fr\/wp-json\/wp\/v2\/posts\/262204","targetHints":{"allow":["GET"]}}],"collection":[{"href":"https:\/\/www.europesays.com\/fr\/wp-json\/wp\/v2\/posts"}],"about":[{"href":"https:\/\/www.europesays.com\/fr\/wp-json\/wp\/v2\/types\/post"}],"author":[{"embeddable":true,"href":"https:\/\/www.europesays.com\/fr\/wp-json\/wp\/v2\/users\/2"}],"replies":[{"embeddable":true,"href":"https:\/\/www.europesays.com\/fr\/wp-json\/wp\/v2\/comments?post=262204"}],"version-history":[{"count":0,"href":"https:\/\/www.europesays.com\/fr\/wp-json\/wp\/v2\/posts\/262204\/revisions"}],"wp:featuredmedia":[{"embeddable":true,"href":"https:\/\/www.europesays.com\/fr\/wp-json\/wp\/v2\/media\/262205"}],"wp:attachment":[{"href":"https:\/\/www.europesays.com\/fr\/wp-json\/wp\/v2\/media?parent=262204"}],"wp:term":[{"taxonomy":"category","embeddable":true,"href":"https:\/\/www.europesays.com\/fr\/wp-json\/wp\/v2\/categories?post=262204"},{"taxonomy":"post_tag","embeddable":true,"href":"https:\/\/www.europesays.com\/fr\/wp-json\/wp\/v2\/tags?post=262204"}],"curies":[{"name":"wp","href":"https:\/\/api.w.org\/{rel}","templated":true}]}}