{"id":262210,"date":"2025-07-21T00:20:19","date_gmt":"2025-07-21T00:20:19","guid":{"rendered":"https:\/\/www.europesays.com\/fr\/262210\/"},"modified":"2025-07-21T00:20:19","modified_gmt":"2025-07-21T00:20:19","slug":"comment-henri-giscard-destaing-en-est-venu-a-acter-sa-revocation-de-fait-liberation","status":"publish","type":"post","link":"https:\/\/www.europesays.com\/fr\/262210\/","title":{"rendered":"comment Henri Giscard\u00a0d\u2019Estaing en est venu \u00e0 acter sa \u00abr\u00e9vocation de fait\u00bb \u2013 Lib\u00e9ration"},"content":{"rendered":"<p class=\"sc-ksZaOG ehjQrN text-element\">C\u2019est maintenant \u00e0 lui de faire ses valises. Et \u00e7a ne devrait pas \u00eatre pour se rendre dans l\u2019un des 63 \u00abresorts\u00bb que d\u00e9tient le groupe Club Med \u00e0 travers le monde. Apr\u00e8s plus de vingt ans \u00e0 la t\u00eate du fleuron fran\u00e7ais du tourisme, qui c\u00e9l\u00e8bre ses 75 ans cette ann\u00e9e, <a href=\"https:\/\/www.liberation.fr\/economie\/remercie-henri-giscard-destaing-fait-ses-adieux-au-club-med-20250716_6GLMQIAKYJG4TBDTLVSHXMRZ7U\/?redirected=1\" target=\"_blank\" rel=\"nofollow noopener\">Henri Giscard d\u2019Estaing, 68 ans, a act\u00e9 mercredi 16 juillet \u00absa r\u00e9vocation de fait\u00bb,<\/a> au terme d\u2019un d\u00e9saccord avec l\u2019actionnaire unique depuis 2015, le conglom\u00e9rat chinois Fosun.<\/p>\n<p class=\"sc-ksZaOG ehjQrN text-element\">Dans une lettre manuscrite adress\u00e9e \u00e0 ses \u00abchers GO [gentils organisateurs, ndlr], chers GE [gentils employ\u00e9s], chers coll\u00e8gues du Club Med\u00bb, le fils de l\u2019ancien pr\u00e9sident de la R\u00e9publique Val\u00e9ry Giscard d\u2019Estaing fait part avec amertume de la d\u00e9cision de l\u2019actionnaire principal : \u00abFosun a d\u00e9cid\u00e9 de nommer un nouveau pr\u00e9sident du Club Med. Je voulais l\u2019accompagner en lui transmettant progressivement mon r\u00f4le : ce n\u2019est pas ce qu\u2019ils ont d\u00e9cid\u00e9.\u00bb<\/p>\n<p class=\"sc-ksZaOG ehjQrN text-element\">Celui qui a r\u00e9p\u00e9t\u00e9 \u00e0 l\u2019envi qu\u2019il n\u2019avait pas \u00abvocation \u00e0 l\u2019\u00e9ternit\u00e9\u00bb \u00e9tait pourtant investi dans le processus de d\u00e9signation de son successeur. Mais Fosun lui aurait coup\u00e9 l\u2019herbe sous le pied en arbitrant entre les deux finalistes sans le consulter. Sans \u00eatre confirm\u00e9 officiellement par le groupe, le nom de son rempla\u00e7ant, qui a quitt\u00e9 ses pr\u00e9c\u00e9dentes fonctions d\u00e8s le 7 juillet<\/p>\n","protected":false},"excerpt":{"rendered":"C\u2019est maintenant \u00e0 lui de faire ses valises. Et \u00e7a ne devrait pas \u00eatre pour se rendre dans&hellip;\n","protected":false},"author":2,"featured_media":262211,"comment_status":"","ping_status":"","sticky":false,"template":"","format":"standard","meta":{"footnotes":""},"categories":[6],"tags":[35,309,33,34,1011,27,626],"class_list":{"0":"post-262210","1":"post","2":"type-post","3":"status-publish","4":"format-standard","5":"has-post-thumbnail","7":"category-economie","8":"tag-business","9":"tag-chine","10":"tag-economie","11":"tag-economy","12":"tag-fr","13":"tag-france","14":"tag-paris"},"share_on_mastodon":{"url":"https:\/\/pubeurope.com\/@fr\/114888364953162729","error":""},"_links":{"self":[{"href":"https:\/\/www.europesays.com\/fr\/wp-json\/wp\/v2\/posts\/262210","targetHints":{"allow":["GET"]}}],"collection":[{"href":"https:\/\/www.europesays.com\/fr\/wp-json\/wp\/v2\/posts"}],"about":[{"href":"https:\/\/www.europesays.com\/fr\/wp-json\/wp\/v2\/types\/post"}],"author":[{"embeddable":true,"href":"https:\/\/www.europesays.com\/fr\/wp-json\/wp\/v2\/users\/2"}],"replies":[{"embeddable":true,"href":"https:\/\/www.europesays.com\/fr\/wp-json\/wp\/v2\/comments?post=262210"}],"version-history":[{"count":0,"href":"https:\/\/www.europesays.com\/fr\/wp-json\/wp\/v2\/posts\/262210\/revisions"}],"wp:featuredmedia":[{"embeddable":true,"href":"https:\/\/www.europesays.com\/fr\/wp-json\/wp\/v2\/media\/262211"}],"wp:attachment":[{"href":"https:\/\/www.europesays.com\/fr\/wp-json\/wp\/v2\/media?parent=262210"}],"wp:term":[{"taxonomy":"category","embeddable":true,"href":"https:\/\/www.europesays.com\/fr\/wp-json\/wp\/v2\/categories?post=262210"},{"taxonomy":"post_tag","embeddable":true,"href":"https:\/\/www.europesays.com\/fr\/wp-json\/wp\/v2\/tags?post=262210"}],"curies":[{"name":"wp","href":"https:\/\/api.w.org\/{rel}","templated":true}]}}