{"id":262216,"date":"2025-07-21T00:23:13","date_gmt":"2025-07-21T00:23:13","guid":{"rendered":"https:\/\/www.europesays.com\/fr\/262216\/"},"modified":"2025-07-21T00:23:13","modified_gmt":"2025-07-21T00:23:13","slug":"le-senateur-laurent-duplomb-reagit-a-la-petition-record-sur-rtl","status":"publish","type":"post","link":"https:\/\/www.europesays.com\/fr\/262216\/","title":{"rendered":"le s\u00e9nateur Laurent Duplomb r\u00e9agit \u00e0 la p\u00e9tition record sur RTL"},"content":{"rendered":"<p class=\"article-p mdl\"><strong>Plus d&rsquo;un million de personnes ont affich\u00e9 leur opposition<\/strong>, via une p\u00e9tition, \u00e0 la loi Duplomb, adopt\u00e9e le 8 juillet dernier au Parlement. Une opposition qui met en avant les risques environnementaux et sanitaires.<\/p>\n<p class=\"article-p mdl\">Un argument que veut balayer le s\u00e9nateur Laurent Duplomb, \u00e0 l&rsquo;origine de cette loi. \u00ab\u00a0Pendant des semaines et des mois, <strong>on a agit\u00e9 des peurs, on a cr\u00e9\u00e9 une psychose autour de cette loi<\/strong>\u00ab\u00a0, assure-t-il, sur RTL. \u00ab\u00a0Mais la r\u00e9alit\u00e9 de cette loi est simple : remettre la France au m\u00eame niveau que les pays europ\u00e9ens\u00a0\u00bb, poursuit-il, pr\u00e9cisant ne \u00ab\u00a0rien faire de plus que ce qui est autoris\u00e9 en Europe\u00a0\u00bb.\u00a0<\/p>\n<p class=\"article-p mdl\">\u00ab\u00a0Le principe de cette loi est d&rsquo;<strong>enlever tout ce qui \u00e9tait interdit en France, mais autoris\u00e9 au niveau europ\u00e9en<\/strong>. Car quand on met des boulets aux pieds \u00e0 la production fran\u00e7aise, elle ne produit pas. Ou on m\u00e8ne les producteurs dans l&rsquo;impasse\u00a0\u00bb, affirme encore Laurent Duplomb, qui cite alors les producteurs de noisettes.\u00a0<\/p>\n<p>            L&rsquo;ac\u00e9tamipride en d\u00e9bat<\/p>\n<p class=\"article-p mdl\">La\u00a0<a class=\"link\" href=\"https:\/\/www.rtl.fr\/actu\/debats-societe\/agriculture-la-loi-duplomb-definitivement-adoptee-par-le-parlement-7900522466\" target=\"_blank\" rel=\"noopener\">mesure la plus clivante du texte<\/a>\u00a0pr\u00e9voit la\u00a0<strong>r\u00e9introduction \u00e0 titre d\u00e9rogatoire et sous conditions de l&rsquo;ac\u00e9tamipride<\/strong>, pesticide de la famille des n\u00e9onicotino\u00efdes. Interdit en France, mais autoris\u00e9 ailleurs en Europe jusqu&rsquo;en 2033, les effets de l&rsquo;ac\u00e9tamipride chez l&rsquo;humain sont source de pr\u00e9occupations, m\u00eame si les risques restent incertains, faute d&rsquo;\u00e9tudes d&rsquo;ampleur. \u00a0<\/p>\n<p class=\"article-p mdl\">Ce produit est r\u00e9clam\u00e9, notamment, par les producteurs de betteraves, qui estiment n&rsquo;avoir aucune alternative contre les ravageurs et subir une concurrence d\u00e9loyale.\u00a0\u00c0 l&rsquo;inverse, les apiculteurs mettent en garde contre\u00a0<strong>\u00ab\u00a0un tueur d&rsquo;abeilles\u00a0\u00bb<\/strong>.\u00a0<\/p>\n<p class=\"article-p mdl\">\u00ab\u00a0La r\u00e9alit\u00e9 de l&rsquo;interdiction de l&rsquo;ac\u00e9tamipride\u00a0a \u00e9t\u00e9 prise sur une d\u00e9cision politique. C&rsquo;est pour cela que vingt-six pays europ\u00e9ens l&rsquo;autorisent\u00a0\u00bb, explique encore Laurent Duplomb. \u00ab\u00a0<strong>On interdit chez nous mais on continue de consommer<\/strong> [des produits europ\u00e9ens import\u00e9s].\u00a0\u00bb<\/p>\n<p>            \u00ab\u00a0Une aberration scientifique et sanitaire\u00a0\u00bb<\/p>\n<p class=\"article-p mdl\"><a class=\"link\" href=\"https:\/\/petitions.assemblee-nationale.fr\/initiatives\/i-3014\" target=\"_blank\" rel=\"noopener\">La p\u00e9tition de l&rsquo;\u00e9tudiante de 23 ans, El\u00e9onore Pattery,<\/a>\u00a0suscite un engouement in\u00e9dit.\u00a0Cette loi \u00ab\u00a0est une\u00a0<strong>aberration scientifique, \u00e9thique, environnementale et sanitaire<\/strong>\u00ab\u00a0, \u00e9crit-elle dans sa p\u00e9tition. Elle a ensuite \u00e9t\u00e9 abondamment relay\u00e9e\u00a0sur les r\u00e9seaux sociaux\u00a0par des personnalit\u00e9s comme Pierre Niney et des d\u00e9put\u00e9s de gauche.\u00a0Le rythme des signatures s&rsquo;est encore acc\u00e9l\u00e9r\u00e9 ce week-end.<\/p>\n<p class=\"article-p mdl\">La p\u00e9tition r\u00e9clame\u00a0<strong>l&rsquo;abrogation imm\u00e9diate<\/strong>\u00a0de la loi, \u00ab\u00a0la\u00a0<strong>r\u00e9vision d\u00e9mocratique\u00a0des conditions dans lesquelles elle a \u00e9t\u00e9 adopt\u00e9e<\/strong>\u00a0\u00bb et \u00ab\u00a0la\u00a0<strong>consultation citoyenne<\/strong>\u00a0des acteurs de la sant\u00e9, de l\u2019agriculture, de l\u2019\u00e9cologie et du droit\u00a0\u00bb.<\/p>\n<p class=\"article-p mdl\">L&rsquo;absence de r\u00e9el d\u00e9bat dans l&rsquo;h\u00e9micycle est l&rsquo;un des arguments avanc\u00e9s par les d\u00e9put\u00e9s de gauche qui ont\u00a0d\u00e9pos\u00e9 un\u00a0<a class=\"link\" href=\"https:\/\/www.rtl.fr\/actu\/politique\/une-menace-grave-les-deputes-de-gauche-saisissent-le-conseil-constitutionnel-contre-la-loi-duplomb-7900523354\" title=\"&quot;Une menace grave&quot; : les d\u00e9put\u00e9s de gauche saisissent le Conseil constitutionnel contre la loi Duplomb\" target=\"_blank\" rel=\"noopener\"><strong>recours le 11 juillet devant le Conseil constitutionnel<\/strong><\/a>, esp\u00e9rant sa censure pour vice de proc\u00e9dure, ce qui pourrait emp\u00eacher sa promulgation.<\/p>\n<p>    L&rsquo;\u00e9quipe de l&rsquo;\u00e9mission vous recommande<\/p>\n<p class=\"s-newsletter__title\">\n                L\u2019actualit\u00e9 par la r\u00e9daction de RTL dans votre bo\u00eete mail.\n            <\/p>\n<p class=\"s-newsletter__subtitle\">\n                Gr\u00e2ce \u00e0 votre compte RTL abonnez-vous \u00e0 la newsletter RTL info pour suivre toute l&rsquo;actualit\u00e9 au quotidien\n            <\/p>\n<p>\n                                    Lire la suite\n                                <\/p>\n","protected":false},"excerpt":{"rendered":"Plus d&rsquo;un million de personnes ont affich\u00e9 leur opposition, via une p\u00e9tition, \u00e0 la loi Duplomb, adopt\u00e9e le&hellip;\n","protected":false},"author":2,"featured_media":262217,"comment_status":"","ping_status":"","sticky":false,"template":"","format":"standard","meta":{"footnotes":""},"categories":[2],"tags":[11,327,51,436,107,1011,27,24999,12,2091,362,361,360,71],"class_list":{"0":"post-262216","1":"post","2":"type-post","3":"status-publish","4":"format-standard","5":"has-post-thumbnail","7":"category-actualites","8":"tag-actualites","9":"tag-agriculture","10":"tag-ecologie","11":"tag-environnement","12":"tag-fil-info","13":"tag-fr","14":"tag-france","15":"tag-linvite-de-rtl","16":"tag-news","17":"tag-pesticides","18":"tag-replay","19":"tag-replay-a-la-une","20":"tag-replay-integral","21":"tag-sante"},"share_on_mastodon":{"url":"https:\/\/pubeurope.com\/@fr\/114888376479692859","error":""},"_links":{"self":[{"href":"https:\/\/www.europesays.com\/fr\/wp-json\/wp\/v2\/posts\/262216","targetHints":{"allow":["GET"]}}],"collection":[{"href":"https:\/\/www.europesays.com\/fr\/wp-json\/wp\/v2\/posts"}],"about":[{"href":"https:\/\/www.europesays.com\/fr\/wp-json\/wp\/v2\/types\/post"}],"author":[{"embeddable":true,"href":"https:\/\/www.europesays.com\/fr\/wp-json\/wp\/v2\/users\/2"}],"replies":[{"embeddable":true,"href":"https:\/\/www.europesays.com\/fr\/wp-json\/wp\/v2\/comments?post=262216"}],"version-history":[{"count":0,"href":"https:\/\/www.europesays.com\/fr\/wp-json\/wp\/v2\/posts\/262216\/revisions"}],"wp:featuredmedia":[{"embeddable":true,"href":"https:\/\/www.europesays.com\/fr\/wp-json\/wp\/v2\/media\/262217"}],"wp:attachment":[{"href":"https:\/\/www.europesays.com\/fr\/wp-json\/wp\/v2\/media?parent=262216"}],"wp:term":[{"taxonomy":"category","embeddable":true,"href":"https:\/\/www.europesays.com\/fr\/wp-json\/wp\/v2\/categories?post=262216"},{"taxonomy":"post_tag","embeddable":true,"href":"https:\/\/www.europesays.com\/fr\/wp-json\/wp\/v2\/tags?post=262216"}],"curies":[{"name":"wp","href":"https:\/\/api.w.org\/{rel}","templated":true}]}}