{"id":26222,"date":"2025-04-15T09:02:19","date_gmt":"2025-04-15T09:02:19","guid":{"rendered":"https:\/\/www.europesays.com\/fr\/26222\/"},"modified":"2025-04-15T09:02:19","modified_gmt":"2025-04-15T09:02:19","slug":"les-salaries-de-la-fonderie-de-bretagne-fixes-sur-leur-avenir-le-23-avril-2025","status":"publish","type":"post","link":"https:\/\/www.europesays.com\/fr\/26222\/","title":{"rendered":"Les salari\u00e9s de la Fonderie de Bretagne fix\u00e9s sur leur avenir le 23\u00a0avril 2025"},"content":{"rendered":"<p>Fonderie de Bretagne (FDB, ex-SBFM), usine embl\u00e9matique du Morbihan bas\u00e9e \u00e0 Caudan, <a href=\"https:\/\/lorient.maville.com\/actu\/actudet_-fonderie-de-bretagne-renault-doit-maintenir-son-niveau-de-charge-_12-6739657_actu.Htm\" target=\"_blank\" rel=\"noopener\">\u00e9quipementier historique de Renault<\/a>, a \u00e9t\u00e9 plac\u00e9e en redressement judiciaire en janvier dernier. Plusieurs offres de reprises ou marques d\u2019int\u00e9r\u00eat ont \u00e9t\u00e9 formul\u00e9es aupr\u00e8s du tribunal de commerce de Rennes, dont une par <a href=\"https:\/\/lorient.maville.com\/actu\/actudet_-fonderie-de-bretagne-on-pourra-fabriquer-24-000-obus-par-jour-prevoit-le-pdg-d-europlasma-_12-6728979_actu.Htm\" target=\"_blank\" rel=\"noopener\">Europlasma.<\/a> Jusqu\u2019\u00e0 jeudi dernier, les organisations syndicales ont n\u00e9goci\u00e9 le plan de reprise avec le repreneur. <strong>\u00ab\u00a0L\u2019enjeu pour les \u00e9lus du personnel est de parvenir \u00e0 ne licencier personne dans le cadre de la reprise par Europlasma. On ne veut aucun d\u00e9part contraint\u00a0\u00bb,<\/strong> d\u00e9fend Ma\u00ebl Le Goff, secr\u00e9taire g\u00e9n\u00e9ral CGT FDB.<\/p>\n<p><strong>Lire aussi\u00a0:<\/strong> <a href=\"https:\/\/lorient.maville.com\/actu\/actudet_-reprise-de-la-fonderie-de-bretagne-c-est-fabriquer-des-obus-ou-fermer-l-usine-_12-6716250_actu.Htm\" target=\"_blank\" rel=\"noopener\">Reprise de la Fonderie de Bretagne\u00a0: \u00ab\u00a0C\u2019est fabriquer des obus ou fermer l\u2019usine\u00a0\u00bb<\/a><\/p>\n<p>\u00ab\u00a0L\u2019avenir c\u2019est le ferroviaire, l\u2019\u00e9nergie\u00a0\u00bb<\/p>\n<p>L\u2019usine compte 280\u00a0salari\u00e9s en CDI. L\u2019offre de reprise initiale proposait le maintien de 240\u00a0emplois. Le site, en cours de diversification, notamment dans le ferroviaire et l\u2019agricole, serait vou\u00e9, avec Europlasma, \u00e0 fabriquer des corps d\u2019obus. Le groupe dirig\u00e9 par J\u00e9r\u00f4me Garnache-Creuillot, d\u00e9j\u00e0 propri\u00e9taire de la Fonderie de Tarbes, envisage de consacrer <strong>\u00ab\u00a050\u00a0% de l\u2019activit\u00e9 \u00e0 la D\u00e9fense, car en termes de diversification, l\u2019avenir c\u2019est le ferroviaire, l\u2019\u00e9nergie\u00a0\u00bb,<\/strong> avait-il d\u00e9velopp\u00e9 lors d\u2019un entretien sur le plateau de BFM TV. Le contexte de r\u00e9armement europ\u00e9en et mondial plaide pour cette vision.<\/p>\n<p><strong>Lire aussi\u00a0:<\/strong> <a href=\"https:\/\/lorient.maville.com\/actu\/actudet_-fonderie-de-bretagne-renault-doit-maintenir-son-niveau-de-charge-_12-6739657_actu.Htm\" target=\"_blank\" rel=\"noopener\">Fonderie de Bretagne\u00a0: \u00ab\u00a0Renault doit maintenir son niveau de charge\u00a0\u00bb<\/a><\/p>\n<p>24\u00a0000\u00a0obus par jour<\/p>\n<p>La version d\u00e9finitive de l\u2019offre a \u00e9t\u00e9 remise vendredi 11\u00a0mars aux diff\u00e9rents acteurs du dossier, tribunal de commerce, mandataire judiciaire, organisations syndicales. Mercredi 16\u00a0avril, une nouvelle audience se tient au tribunal de commerce pour examiner ce plan de reprise. Le jugement sera rendu le 23\u00a0avril. Europlasma voit en FDB une \u00e9norme capacit\u00e9 de production, de l\u2019ordre de 24\u00a0000\u00a0obus par jour.<\/p>\n<p>\u00a0<\/p>\n","protected":false},"excerpt":{"rendered":"Fonderie de Bretagne (FDB, ex-SBFM), usine embl\u00e9matique du Morbihan bas\u00e9e \u00e0 Caudan, \u00e9quipementier historique de Renault, a \u00e9t\u00e9&hellip;\n","protected":false},"author":2,"featured_media":26223,"comment_status":"","ping_status":"","sticky":false,"template":"","format":"standard","meta":{"footnotes":""},"categories":[2821],"tags":[17,9337,1111,11,3232,3270,829,1777,674,9336,9335,1011,27,12,584,25,7264],"class_list":{"0":"post-26222","1":"post","2":"type-post","3":"status-publish","4":"format-standard","5":"has-post-thumbnail","7":"category-rennes","8":"tag-17","9":"tag-9337","10":"tag-actu","11":"tag-actualites","12":"tag-avenir","13":"tag-avril","14":"tag-bretagne","15":"tag-eu","16":"tag-europe","17":"tag-fixes","18":"tag-fonderie","19":"tag-fr","20":"tag-france","21":"tag-news","22":"tag-rennes","23":"tag-republique-francaise","24":"tag-salaries"},"share_on_mastodon":{"url":"https:\/\/pubeurope.com\/@fr\/114341173225051778","error":""},"_links":{"self":[{"href":"https:\/\/www.europesays.com\/fr\/wp-json\/wp\/v2\/posts\/26222","targetHints":{"allow":["GET"]}}],"collection":[{"href":"https:\/\/www.europesays.com\/fr\/wp-json\/wp\/v2\/posts"}],"about":[{"href":"https:\/\/www.europesays.com\/fr\/wp-json\/wp\/v2\/types\/post"}],"author":[{"embeddable":true,"href":"https:\/\/www.europesays.com\/fr\/wp-json\/wp\/v2\/users\/2"}],"replies":[{"embeddable":true,"href":"https:\/\/www.europesays.com\/fr\/wp-json\/wp\/v2\/comments?post=26222"}],"version-history":[{"count":0,"href":"https:\/\/www.europesays.com\/fr\/wp-json\/wp\/v2\/posts\/26222\/revisions"}],"wp:featuredmedia":[{"embeddable":true,"href":"https:\/\/www.europesays.com\/fr\/wp-json\/wp\/v2\/media\/26223"}],"wp:attachment":[{"href":"https:\/\/www.europesays.com\/fr\/wp-json\/wp\/v2\/media?parent=26222"}],"wp:term":[{"taxonomy":"category","embeddable":true,"href":"https:\/\/www.europesays.com\/fr\/wp-json\/wp\/v2\/categories?post=26222"},{"taxonomy":"post_tag","embeddable":true,"href":"https:\/\/www.europesays.com\/fr\/wp-json\/wp\/v2\/tags?post=26222"}],"curies":[{"name":"wp","href":"https:\/\/api.w.org\/{rel}","templated":true}]}}