{"id":262220,"date":"2025-07-21T00:29:02","date_gmt":"2025-07-21T00:29:02","guid":{"rendered":"https:\/\/www.europesays.com\/fr\/262220\/"},"modified":"2025-07-21T00:29:02","modified_gmt":"2025-07-21T00:29:02","slug":"le-nanceien-maxime-wassmer-et-le-relais-4x400-tricolore-medailles-dargent","status":"publish","type":"post","link":"https:\/\/www.europesays.com\/fr\/262220\/","title":{"rendered":"le Nanc\u00e9ien Maxime Wassmer et le relais 4&#215;400 tricolore m\u00e9daill\u00e9s d\u2019argent"},"content":{"rendered":"<p>Championnats d\u2019Europe U23<\/p>\n<p>\u00c0 Bergen (NOR)<\/p>\n<p>Qualifi\u00e9 dans le relais 4&#215;400 tricolore <a href=\"https:\/\/www.estrepublicain.fr\/sport\/2025\/07\/09\/euro-u23-le-nanceien-maxime-wassmer-dans-le-relais-4x400-m-tricolore-hugo-ellul-sur-le-10-000-m-marche\" target=\"_blank\" rel=\"noopener\">apr\u00e8s avoir battu son record personnel<\/a> (46\u2019\u201960, sixi\u00e8me temps des bilans nationaux) lors du meeting Stanislas, Maxime Wassmer n\u2019est pas rentr\u00e9 bredouille de l\u2019Euro U23 qui s\u2019est tenu ce week-end en Norv\u00e8ge. Align\u00e9 en s\u00e9rie (2e temps derri\u00e8re l\u2019Espagne) et en finale, l\u2019\u00e9tudiant am\u00e9ricain du NAM a d\u00e9croch\u00e9, avec ses trois partenaires de l\u2019\u00e9quipe de France (F\u00e9lix Levasseur, Beno\u00eet Mourdio Priso et Allan Lacroix), la m\u00e9daille d\u2019argent de la discipline.<\/p>\n<p>Dans ce qui \u00e9tait la toute derni\u00e8re course du championnat ce dimanche en d\u00e9but de soir\u00e9e, les bleuets ont \u00e9t\u00e9 devanc\u00e9s par l\u2019Espagne, dominatrice de bout en bout, et cr\u00e9dit\u00e9e d\u2019un chrono de 3\u201902\u2019\u201902, contre 3\u201902\u2019\u201960 pour le relais fran\u00e7ais et 3\u201902\u2019\u201983 pour les Allemands qui compl\u00e8tent le podium.<\/p>\n<p>Ce contenu est bloqu\u00e9 car vous n&rsquo;avez pas accept\u00e9 les cookies et autres traceurs.<\/p>\n<p>En cliquant sur \u00ab J\u2019accepte \u00bb, les cookies et autres traceurs seront d\u00e9pos\u00e9s et vous pourrez visualiser les contenus  (<a href=\"\" class=\"consentModule_policy\" target=\"_blank\" title=\"Consulter la politique de protection des donn\u00e9es du fournisseur\">plus d&rsquo;informations<\/a>).<\/p>\n<p>En cliquant sur \u00ab J\u2019accepte tous les cookies \u00bb, vous autorisez des d\u00e9p\u00f4ts de cookies et autres traceurs pour le stockage de vos donn\u00e9es sur nos sites et applications \u00e0 des fins de personnalisation et de ciblage publicitaire.<\/p>\n<p class=\"consentModule_secondaryText\">Vous gardez la possibilit\u00e9 de retirer votre consentement \u00e0 tout moment en consultant notre <a href=\"https:\/\/www.estrepublicain.fr\/protection-des-donnees\" target=\"_blank\" title=\"Consulter notre politique de protection des donn\u00e9es\" rel=\"noopener\">politique de protection des donn\u00e9es<\/a>. <br \/>&#13;<br \/>\n            <a href=\"https:\/\/www.estrepublicain.fr\/sport\/2025\/07\/20\/javascript:Didomi.notice.show()\" class=\"consentModule_cmp\" target=\"_blank\" rel=\"noopener\">G\u00e9rer mes choix<\/a>&#13;\n        <\/p>\n<p>&#13;<br \/>\n                        J&rsquo;accepte&#13;<br \/>\n            J&rsquo;accepte tous les cookies&#13;\n        <\/p>\n<p>\u00c0 noter que l\u2019autre Lorrain pr\u00e9sent \u00e0 Bergen, Hugo Ellul, a pris la 13e place du 10.000 m\u00e8tres marche remport\u00e9 par le Turc Mazlum Demir en 39\u201945\u2019\u201984. Le Nanc\u00e9ien, l\u2019un des plus jeunes des 31 engag\u00e9s, a d\u00e9marr\u00e9 fort (il pointait au 5e\u00a0 rang au 4e\u00a0 kilom\u00e8tre) avant de perdre du terrain et des positions, malgr\u00e9 un chrono de r\u00e9f\u00e9rence de 41\u201943\u2019\u201965, soit son record personnel sur la distance.<\/p>\n","protected":false},"excerpt":{"rendered":"Championnats d\u2019Europe U23 \u00c0 Bergen (NOR) Qualifi\u00e9 dans le relais 4&#215;400 tricolore apr\u00e8s avoir battu son record personnel&hellip;\n","protected":false},"author":2,"featured_media":262221,"comment_status":"","ping_status":"","sticky":false,"template":"","format":"standard","meta":{"footnotes":""},"categories":[9635],"tags":[1111,11,4132,1704,1777,674,107,1701,1011,27,775,1702,1703,12,25,517,1700],"class_list":{"0":"post-262220","1":"post","2":"type-post","3":"status-publish","4":"format-standard","5":"has-post-thumbnail","7":"category-nancy","8":"tag-actu","9":"tag-actualites","10":"tag-athletisme","11":"tag-edition-nancy-et-agglomeration","12":"tag-eu","13":"tag-europe","14":"tag-fil-info","15":"tag-fil-info-sport","16":"tag-fr","17":"tag-france","18":"tag-grand-est","19":"tag-nancy","20":"tag-nancy-ville-54b","21":"tag-news","22":"tag-republique-francaise","23":"tag-sport","24":"tag-sport-lorrain"},"share_on_mastodon":{"url":"https:\/\/pubeurope.com\/@fr\/114888400069825157","error":""},"_links":{"self":[{"href":"https:\/\/www.europesays.com\/fr\/wp-json\/wp\/v2\/posts\/262220","targetHints":{"allow":["GET"]}}],"collection":[{"href":"https:\/\/www.europesays.com\/fr\/wp-json\/wp\/v2\/posts"}],"about":[{"href":"https:\/\/www.europesays.com\/fr\/wp-json\/wp\/v2\/types\/post"}],"author":[{"embeddable":true,"href":"https:\/\/www.europesays.com\/fr\/wp-json\/wp\/v2\/users\/2"}],"replies":[{"embeddable":true,"href":"https:\/\/www.europesays.com\/fr\/wp-json\/wp\/v2\/comments?post=262220"}],"version-history":[{"count":0,"href":"https:\/\/www.europesays.com\/fr\/wp-json\/wp\/v2\/posts\/262220\/revisions"}],"wp:featuredmedia":[{"embeddable":true,"href":"https:\/\/www.europesays.com\/fr\/wp-json\/wp\/v2\/media\/262221"}],"wp:attachment":[{"href":"https:\/\/www.europesays.com\/fr\/wp-json\/wp\/v2\/media?parent=262220"}],"wp:term":[{"taxonomy":"category","embeddable":true,"href":"https:\/\/www.europesays.com\/fr\/wp-json\/wp\/v2\/categories?post=262220"},{"taxonomy":"post_tag","embeddable":true,"href":"https:\/\/www.europesays.com\/fr\/wp-json\/wp\/v2\/tags?post=262220"}],"curies":[{"name":"wp","href":"https:\/\/api.w.org\/{rel}","templated":true}]}}