{"id":262222,"date":"2025-07-21T00:31:18","date_gmt":"2025-07-21T00:31:18","guid":{"rendered":"https:\/\/www.europesays.com\/fr\/262222\/"},"modified":"2025-07-21T00:31:18","modified_gmt":"2025-07-21T00:31:18","slug":"toulon-sur-arroux-une-collecte-de-sang-satisfaisante-pour-lamicale-des-donneurs-benevoles","status":"publish","type":"post","link":"https:\/\/www.europesays.com\/fr\/262222\/","title":{"rendered":"Toulon-sur-Arroux. Une collecte de sang satisfaisante pour l\u2019Amicale des donneurs b\u00e9n\u00e9voles"},"content":{"rendered":"<p>Ce jeudi, l\u2019Amicale des donneurs de sang b\u00e9n\u00e9voles organisait une collecte \u00e0 la salle Jean-Chandioux de Toulon-sur-Arroux. \u00ab\u00a0Les infirmi\u00e8res, qui viennent de Chalon, ont \u00e9t\u00e9 dirig\u00e9es sur Gueugnon. Une erreur d\u2019aiguillage du syst\u00e8me de navigation qui ne s\u2019arrange pas avec la suppression du panneau indicateur qui \u00e9tait situ\u00e9 du c\u00f4t\u00e9 du pont du Morand \u00e0 Saint-Eus\u00e8be\u00a0\u00bb, souligne l\u2019un des b\u00e9n\u00e9voles, Jean-Michel.<\/p>\n<p>Une fois arriv\u00e9e \u00e0 bon port, l\u2019\u00e9quipe m\u00e9dicale a effectu\u00e9 une collecte qui se situe dans la moyenne avec 45 pr\u00e9sent\u00e9s et 38 pr\u00e9lev\u00e9s dont trois nouveaux. \u00ab\u00a0C\u2019est la premi\u00e8re fois que je viens, je ne prenais jamais le temps auparavant, et tout s\u2019est bien pass\u00e9. Nous sommes tr\u00e8s bien accompagn\u00e9s. Une exp\u00e9rience \u00e0 renouveler\u00a0\u00bb, pr\u00e9cise Sabrina, une Toulonnaise de 35 ans, devant la collation offerte \u00e0 la fin du don.<\/p>\n<p>La prochaine collecte aura lieu jeudi 6\u00a0novembre de 15\u00a0h\u00a030 \u00e0 19\u00a0h\u00a030. Les volontaires peuvent prendre rendez-vous pour \u00e9viter l\u2019attente, ou en se rendant directement \u00e0 la salle Jean-Chandioux.<\/p>\n","protected":false},"excerpt":{"rendered":"Ce jeudi, l\u2019Amicale des donneurs de sang b\u00e9n\u00e9voles organisait une collecte \u00e0 la salle Jean-Chandioux de Toulon-sur-Arroux. \u00ab\u00a0Les&hellip;\n","protected":false},"author":2,"featured_media":262223,"comment_status":"","ping_status":"","sticky":false,"template":"","format":"standard","meta":{"footnotes":""},"categories":[9619],"tags":[1111,11,12568,1777,674,107,1011,27,14000,12,882,25,71,104,2310,13999,1631],"class_list":{"0":"post-262222","1":"post","2":"type-post","3":"status-publish","4":"format-standard","5":"has-post-thumbnail","7":"category-toulon","8":"tag-actu","9":"tag-actualites","10":"tag-edition-montceau-les-mines","11":"tag-eu","12":"tag-europe","13":"tag-fil-info","14":"tag-fr","15":"tag-france","16":"tag-montceau-les-mines-bassin","17":"tag-news","18":"tag-provence-alpes-cote-dazur","19":"tag-republique-francaise","20":"tag-sante","21":"tag-societe","22":"tag-toulon","23":"tag-toulon-sur-arroux","24":"tag-vie-associative"},"share_on_mastodon":{"url":"https:\/\/pubeurope.com\/@fr\/114888407914651322","error":""},"_links":{"self":[{"href":"https:\/\/www.europesays.com\/fr\/wp-json\/wp\/v2\/posts\/262222","targetHints":{"allow":["GET"]}}],"collection":[{"href":"https:\/\/www.europesays.com\/fr\/wp-json\/wp\/v2\/posts"}],"about":[{"href":"https:\/\/www.europesays.com\/fr\/wp-json\/wp\/v2\/types\/post"}],"author":[{"embeddable":true,"href":"https:\/\/www.europesays.com\/fr\/wp-json\/wp\/v2\/users\/2"}],"replies":[{"embeddable":true,"href":"https:\/\/www.europesays.com\/fr\/wp-json\/wp\/v2\/comments?post=262222"}],"version-history":[{"count":0,"href":"https:\/\/www.europesays.com\/fr\/wp-json\/wp\/v2\/posts\/262222\/revisions"}],"wp:featuredmedia":[{"embeddable":true,"href":"https:\/\/www.europesays.com\/fr\/wp-json\/wp\/v2\/media\/262223"}],"wp:attachment":[{"href":"https:\/\/www.europesays.com\/fr\/wp-json\/wp\/v2\/media?parent=262222"}],"wp:term":[{"taxonomy":"category","embeddable":true,"href":"https:\/\/www.europesays.com\/fr\/wp-json\/wp\/v2\/categories?post=262222"},{"taxonomy":"post_tag","embeddable":true,"href":"https:\/\/www.europesays.com\/fr\/wp-json\/wp\/v2\/tags?post=262222"}],"curies":[{"name":"wp","href":"https:\/\/api.w.org\/{rel}","templated":true}]}}