{"id":262233,"date":"2025-07-21T00:43:17","date_gmt":"2025-07-21T00:43:17","guid":{"rendered":"https:\/\/www.europesays.com\/fr\/262233\/"},"modified":"2025-07-21T00:43:17","modified_gmt":"2025-07-21T00:43:17","slug":"a-strasbourg-laisser-ses-dechets-par-terre-peut-desormais-couter-plus-cher","status":"publish","type":"post","link":"https:\/\/www.europesays.com\/fr\/262233\/","title":{"rendered":"\u00e0 Strasbourg, laisser ses d\u00e9chets par terre peut d\u00e9sormais co\u00fbter plus cher"},"content":{"rendered":"<p>    <img loading=\"lazy\" width=\"1800\" height=\"900\" src=\"https:\/\/www.europesays.com\/fr\/wp-content\/uploads\/2025\/04\/jeanne-callthepolice.jpg\" class=\"attachment-full size-full\" alt=\"\" id=\"imageLove\" decoding=\"async\"  \/><\/p>\n<p id=\"breadcrumbs\"><a href=\"https:\/\/pokaa.fr\/\" target=\"_blank\" rel=\"noopener\">Accueil<\/a> \/ <a href=\"https:\/\/pokaa.fr\/categories\/actu\/\" target=\"_blank\" rel=\"noopener\">Info locale<\/a> \/ De 135 \u00e0 15 000 \u20ac : \u00e0 Strasbourg, laisser ses d\u00e9chets par terre peut d\u00e9sormais co\u00fbter plus cher<\/p>\n<p>                    Info locale<\/p>\n<p class=\"p1\"><b>Le 17 juillet dernier, la Ville a annonc\u00e9 durcir le ton sur les abandons de d\u00e9chets sur l\u2019espace public. Avec un nouvel arr\u00eat\u00e9 municipal, c\u2019est d\u00e9sormais toute une nouvelle grille de sanctions qui va s\u2019appliquer, de 135 \u00e0 15 000 \u20ac. En bonus, une campagne anti-graffitis durera tout l\u2019\u00e9t\u00e9.<\/b><\/p>\n<p class=\"p1\">Laisser ses d\u00e9chets \u00e0 l\u2019abandon dans la rue va d\u00e9sormais co\u00fbter bien plus cher \u00e0 Strasbourg. <b>Jeanne Barseghian, usant de ses pouvoirs de police, a en effet pris un nouvel arr\u00eat\u00e9 municipal en ce mois de juillet<\/b>, afin de \u00ab\u00a0r\u00e9former en profondeur le volet sanction pour gagner en efficacit\u00e9 et mieux lutter contre l\u2019abandon des d\u00e9chets de tout type sur l\u2019espace public et les d\u00e9p\u00f4ts sauvages.\u00a0\u00bb<\/p>\n<p class=\"p1\">Une n\u00e9cessit\u00e9 pour la Ville de Strasbourg, <b>o\u00f9 320 tonnes de d\u00e9chets issus de d\u00e9p\u00f4ts sauvages ont \u00e9t\u00e9 ramass\u00e9es dans l\u2019espace public l\u2019ann\u00e9e derni\u00e8re<\/b>. Ainsi, la r\u00e8gle passe de la verbalisation p\u00e9nale \u00e0 la sanction administrative, avec des amendes pouvant aller de 135 \u00e0 15 000 \u20ac.<\/p>\n<p>    <img width=\"551\" height=\"600\" src=\"https:\/\/www.europesays.com\/fr\/wp-content\/uploads\/2025\/07\/graffiti-street-art-13-551x600.jpg\" class=\"attachment-image-size-M size-image-size-M\" alt=\"Graffiti street art (13) poubelle\" decoding=\"async\" loading=\"lazy\"  \/>         \u00a9 Marie Goehner-David \/ Pokaa <\/p>\n<p>De 135 \u00e0 15 000 \u20ac : la nouvelle grille des amendes<\/p>\n<p class=\"p4\">D\u00e9sormais, <b>les amendes qui seront donn\u00e9es seront li\u00e9es \u00e0 la gravit\u00e9 de l\u2019infraction et au co\u00fbt r\u00e9el de traitement des d\u00e9chets ou des d\u00e9gradations<\/b>. Dans le d\u00e9tail :<\/p>\n<ul class=\"ul1\">\n<li class=\"li6\">Petits d\u00e9chets type m\u00e9gots de cigarette ou cigare, chewing-gum : <b>135 \u20ac<\/b><\/li>\n<li class=\"li6\">D\u00e9chets de type m\u00e9nagers (sacs poubelles, emballages dont bouteilles en verre, d\u00e9tritus, cartons, papiers, textiles\u2026) et d\u00e9chets verts : <b>200 \u20ac<\/b><\/li>\n<li class=\"li6\">Tags, graffitis, autocollants, affichages sauvages : <b>450 \u20ac<\/b><\/li>\n<li class=\"li6\">Encombrants :<b> 750 \u20ac<\/b><\/li>\n<li class=\"li6\">Corps gras alimentaires usag\u00e9s, comme des graisses et huiles de friture : <b>1 000 \u20ac<\/b><\/li>\n<li class=\"li6\">Pneumatiques, d\u00e9chets d\u2019\u00e9quipements \u00e9lectriques et \u00e9lectroniques\u00a0ou \u00e9lectrom\u00e9nagers ou produits et mat\u00e9riaux de construction du b\u00e2timent : <b>2 000 \u20ac<\/b><\/li>\n<li class=\"li6\">Produits dangereux type solvants, peintures ou vernis : <b>5 000 \u20ac<\/b>.<\/li>\n<\/ul>\n<p>    <img width=\"450\" height=\"600\" src=\"https:\/\/www.europesays.com\/fr\/wp-content\/uploads\/2025\/07\/dechets-poubelle-credit-coraline-lafon-2.jpg\" class=\"attachment-image-size-M size-image-size-M\" alt=\"dechets poubelle\" decoding=\"async\" loading=\"lazy\"  \/>         \u00a9 Coraline Lafon \/ Pokaa <\/p>\n<p class=\"p8\">Pour les plus matheux\/ses, vous aurez remarqu\u00e9 qu\u2019on n\u2019arrive pas aux 15 000 \u20ac. <b>C\u2019est parce que le montant de toutes ces amendes pourra \u00eatre major\u00e9, en cas de circonstances aggravantes<\/b>. P\u00eale-m\u00eale, l\u2019amende pourra \u00eatre multipli\u00e9e par deux en cas de d\u00e9chets d\u00e9pos\u00e9s \u00e0 l\u2019aide d\u2019un v\u00e9hicule, si les volumes sont sup\u00e9rieurs \u00e0 5m3, et par trois si les d\u00e9chets pr\u00e9sentent un caract\u00e8re particuli\u00e8rement polluant et\/ou dangereux, si le d\u00e9p\u00f4t est effectu\u00e9 dans un espace vert ou dans une zone naturelle ou encore si la surface d\u00e9grad\u00e9e par\u00a0les tags, graffitis, autocollants, affichages sauvages est sup\u00e9rieure \u00e0 10 m\u00b2.<\/p>\n<p class=\"p8\"><strong>E<\/strong><b>n cas d\u2019infractions multiples, le cumul de ces majorations est possible dans la limite maximale de 15\u00a0000 \u20ac<\/b>. Par ailleurs, en cas de m\u00e9lange de diff\u00e9rents d\u00e9chets, le montant \u00e0 payer sera le plus \u00e9lev\u00e9 parmi l\u2019ensemble des cat\u00e9gories. On peut \u00e9galement rajouter le co\u00fbt d\u2019enl\u00e8vement et de traitement par l\u2019Eurom\u00e9tropole, qui sera factur\u00e9 au contrevenant. Enfin, en fonction de la gravit\u00e9, la Ville se r\u00e9serve le droit d\u2019intenter une proc\u00e9dure p\u00e9nale \u00e0 l\u2019encontre du responsable du d\u00e9p\u00f4t ou des d\u00e9gradations.<\/p>\n<p>    <img width=\"400\" height=\"600\" src=\"https:\/\/www.europesays.com\/fr\/wp-content\/uploads\/2025\/07\/dsc00460.jpg\" class=\"attachment-image-size-M size-image-size-M\" alt=\"camion poubelle\" decoding=\"async\" loading=\"lazy\"  \/>         \u00a9 Hugo Favre &#8211; Napoli \/ Pokaa <\/p>\n<p>Une campagne anti-graffitis tout l\u2019\u00e9t\u00e9<\/p>\n<p class=\"p4\">En plus de cette nouvelle grille tarifaire des sanctions administratives, la Ville assure \u00e9galement mener \u00ab\u00a0un travail de surveillance renforc\u00e9e de 20 secteurs o\u00f9 se concentrent pr\u00e8s d\u2019une soixantaine de d\u00e9p\u00f4ts sauvages r\u00e9currents, notamment dans les quartiers prioritaires de la ville\u00a0\u00bb. Mais surtout, <b>elle a engag\u00e9 depuis plusieurs jours et pour tout l\u2019\u00e9t\u00e9 une campagne de nettoyage dans l\u2019hypercentre afin d\u2019enlever graffitis, stickers et affichages sauvages<\/b>.<\/p>\n<p class=\"p4\">Alors que pr\u00e8s de 63 374 m2 de graffitis et d\u2019affichages sauvages visibles de l\u2019espace public ont \u00e9t\u00e9 enlev\u00e9s sur l\u2019ann\u00e9e 2024, principalement \u00e0 Strasbourg, <b>la Ville souhaite nettoyer le mobilier urbain de son centre-ville, particuli\u00e8rement expos\u00e9<\/b>. Cela passe par l\u2019enl\u00e8vement des autocollants et affichages sauvages ainsi qu\u2019au nettoyage des tags et graffitis sur l\u2019ensemble de son mobilier, comme les lampadaires, bacs poubelles, panneaux de signalisation et rues, armoires \u00e9lectriques-t\u00e9l\u00e9coms, bornes de collecte\u2026<\/p>\n<p class=\"p4\"><strong>\u00c0 quelques mois des municipales, la Ville communique davantage sur ses actions concernant la propret\u00e9.<\/strong><\/p>\n<p>    <img width=\"800\" height=\"600\" src=\"https:\/\/www.europesays.com\/fr\/wp-content\/uploads\/2025\/07\/dechets-poubelle-credit-coraline-lafon-4-1-e1617974693839.jpg\" class=\"attachment-image-size-L size-image-size-L\" alt=\"dechets poubelle\" decoding=\"async\" loading=\"lazy\"\/>         \u00a9 Coraline Lafon \/ Pokaa <\/p>\n","protected":false},"excerpt":{"rendered":"Accueil \/ Info locale \/ De 135 \u00e0 15 000 \u20ac : \u00e0 Strasbourg, laisser ses d\u00e9chets par&hellip;\n","protected":false},"author":2,"featured_media":262234,"comment_status":"","ping_status":"","sticky":false,"template":"","format":"standard","meta":{"footnotes":""},"categories":[2820],"tags":[1111,11,7087,3008,1777,674,1011,27,775,12,25,640],"class_list":{"0":"post-262233","1":"post","2":"type-post","3":"status-publish","4":"format-standard","5":"has-post-thumbnail","7":"category-strasbourg","8":"tag-actu","9":"tag-actualites","10":"tag-amende","11":"tag-dechets","12":"tag-eu","13":"tag-europe","14":"tag-fr","15":"tag-france","16":"tag-grand-est","17":"tag-news","18":"tag-republique-francaise","19":"tag-strasbourg"},"share_on_mastodon":{"url":"https:\/\/pubeurope.com\/@fr\/114888455708527079","error":""},"_links":{"self":[{"href":"https:\/\/www.europesays.com\/fr\/wp-json\/wp\/v2\/posts\/262233","targetHints":{"allow":["GET"]}}],"collection":[{"href":"https:\/\/www.europesays.com\/fr\/wp-json\/wp\/v2\/posts"}],"about":[{"href":"https:\/\/www.europesays.com\/fr\/wp-json\/wp\/v2\/types\/post"}],"author":[{"embeddable":true,"href":"https:\/\/www.europesays.com\/fr\/wp-json\/wp\/v2\/users\/2"}],"replies":[{"embeddable":true,"href":"https:\/\/www.europesays.com\/fr\/wp-json\/wp\/v2\/comments?post=262233"}],"version-history":[{"count":0,"href":"https:\/\/www.europesays.com\/fr\/wp-json\/wp\/v2\/posts\/262233\/revisions"}],"wp:featuredmedia":[{"embeddable":true,"href":"https:\/\/www.europesays.com\/fr\/wp-json\/wp\/v2\/media\/262234"}],"wp:attachment":[{"href":"https:\/\/www.europesays.com\/fr\/wp-json\/wp\/v2\/media?parent=262233"}],"wp:term":[{"taxonomy":"category","embeddable":true,"href":"https:\/\/www.europesays.com\/fr\/wp-json\/wp\/v2\/categories?post=262233"},{"taxonomy":"post_tag","embeddable":true,"href":"https:\/\/www.europesays.com\/fr\/wp-json\/wp\/v2\/tags?post=262233"}],"curies":[{"name":"wp","href":"https:\/\/api.w.org\/{rel}","templated":true}]}}