{"id":262235,"date":"2025-07-21T00:44:29","date_gmt":"2025-07-21T00:44:29","guid":{"rendered":"https:\/\/www.europesays.com\/fr\/262235\/"},"modified":"2025-07-21T00:44:29","modified_gmt":"2025-07-21T00:44:29","slug":"ligue-1-demba-diop-le-milieu-de-terrain-du-racing-qui-vous-veut-du-bien","status":"publish","type":"post","link":"https:\/\/www.europesays.com\/fr\/262235\/","title":{"rendered":"Ligue 1. Demba Diop, le milieu de terrain du Racing qui vous veut du bien"},"content":{"rendered":"<p>Officiellement, il porte un pr\u00e9nom compos\u00e9. Mais s\u2019il y a bien un Pape qui pr\u00e9c\u00e8de Demba sur son \u00e9tat civil, le natif de Ouakam \u2013 l\u2019une des communes d\u2019arrondissement de Dakar \u2013 pr\u00e9f\u00e8re qu\u2019on utilise simplement le second.<\/p>\n<p><a href=\"https:\/\/www.dna.fr\/sport\/2025\/06\/27\/le-milieu-senegalais-pape-demba-diop-s-engage-au-racing-jusqu-en-2030\" target=\"_blank\" rel=\"noopener\">Demba Diop, donc, est le premier cet \u00e9t\u00e9 \u00e0 avoir paraph\u00e9 un contrat avec le Racing<\/a> sans \u00eatre pass\u00e9 durant l\u2019hiver par la case \u201cpr\u00eat\u201d, comme cela a \u00e9t\u00e9 le cas pour trois de ses nouveaux co\u00e9quipiers.<\/p>\n<p>Quand l\u2019Irlandais Andrew Omobamidele, l\u2019Argentin Valentin Barco et l\u2019Anglais Samuel Amo-Ameyaw sont arriv\u00e9s en d\u00e9but d\u2019ann\u00e9e 2025 sur les bords du Krimmeri pour y trouver du temps de jeu, le milieu s\u00e9n\u00e9galais \u00e9tait, lui, en pleine bourre avec Zulte Waregem.<\/p>\n<p>\u00ab\u00a0\u00c9pat\u00e9 par le niveau du Racing \u00e0 Marseille\u00a0\u00bb<\/p>\n<p>\u00c0 la lutte pour faire remonter le club flandrien en premi\u00e8re division belge, Demba Diop n\u2019avait pas le temps de ronger son frein sur le banc de touche. \u00c0 l\u2019heure des mouvements hivernaux, le S\u00e9n\u00e9galais encha\u00eenait les titularisations (*), son coach Sven Vandenbroeck en ayant fait&#8230;<\/p>\n","protected":false},"excerpt":{"rendered":"Officiellement, il porte un pr\u00e9nom compos\u00e9. Mais s\u2019il y a bien un Pape qui pr\u00e9c\u00e8de Demba sur son&hellip;\n","protected":false},"author":2,"featured_media":262236,"comment_status":"","ping_status":"","sticky":false,"template":"","format":"standard","meta":{"footnotes":""},"categories":[2820],"tags":[1111,11,2880,1777,674,107,63,1011,27,775,12,9371,25,517,640,2879],"class_list":{"0":"post-262235","1":"post","2":"type-post","3":"status-publish","4":"format-standard","5":"has-post-thumbnail","7":"category-strasbourg","8":"tag-actu","9":"tag-actualites","10":"tag-edition-strasbourg","11":"tag-eu","12":"tag-europe","13":"tag-fil-info","14":"tag-football","15":"tag-fr","16":"tag-france","17":"tag-grand-est","18":"tag-news","19":"tag-rcsa-racing-club-strasbourg","20":"tag-republique-francaise","21":"tag-sport","22":"tag-strasbourg","23":"tag-strasbourg-ville"},"share_on_mastodon":{"url":"https:\/\/pubeurope.com\/@fr\/114888459131004796","error":""},"_links":{"self":[{"href":"https:\/\/www.europesays.com\/fr\/wp-json\/wp\/v2\/posts\/262235","targetHints":{"allow":["GET"]}}],"collection":[{"href":"https:\/\/www.europesays.com\/fr\/wp-json\/wp\/v2\/posts"}],"about":[{"href":"https:\/\/www.europesays.com\/fr\/wp-json\/wp\/v2\/types\/post"}],"author":[{"embeddable":true,"href":"https:\/\/www.europesays.com\/fr\/wp-json\/wp\/v2\/users\/2"}],"replies":[{"embeddable":true,"href":"https:\/\/www.europesays.com\/fr\/wp-json\/wp\/v2\/comments?post=262235"}],"version-history":[{"count":0,"href":"https:\/\/www.europesays.com\/fr\/wp-json\/wp\/v2\/posts\/262235\/revisions"}],"wp:featuredmedia":[{"embeddable":true,"href":"https:\/\/www.europesays.com\/fr\/wp-json\/wp\/v2\/media\/262236"}],"wp:attachment":[{"href":"https:\/\/www.europesays.com\/fr\/wp-json\/wp\/v2\/media?parent=262235"}],"wp:term":[{"taxonomy":"category","embeddable":true,"href":"https:\/\/www.europesays.com\/fr\/wp-json\/wp\/v2\/categories?post=262235"},{"taxonomy":"post_tag","embeddable":true,"href":"https:\/\/www.europesays.com\/fr\/wp-json\/wp\/v2\/tags?post=262235"}],"curies":[{"name":"wp","href":"https:\/\/api.w.org\/{rel}","templated":true}]}}