{"id":262251,"date":"2025-07-21T01:00:24","date_gmt":"2025-07-21T01:00:24","guid":{"rendered":"https:\/\/www.europesays.com\/fr\/262251\/"},"modified":"2025-07-21T01:00:24","modified_gmt":"2025-07-21T01:00:24","slug":"pres-de-lyon-inauguration-de-7-croix-de-chemins-restaurees","status":"publish","type":"post","link":"https:\/\/www.europesays.com\/fr\/262251\/","title":{"rendered":"Pr\u00e8s de Lyon. Inauguration de 7 croix de chemins restaur\u00e9es &#8211;"},"content":{"rendered":"<p>\t\t\t\t<img fetchpriority=\"high\" decoding=\"async\" width=\"716\" height=\"495\" src=\"https:\/\/www.europesays.com\/fr\/wp-content\/uploads\/2025\/07\/Cailloux-sur-Fontaines-croix.jpg\" alt=\"\" title=\"Cailloux-sur-Fontaines croix\"   class=\"wp-image-162637\"\/><\/p>\n<p>Michel GAYDIER, Pr\u00e9sident du PAC &#8211; Sophie Blach\u00e8re, Conseill\u00e8re r\u00e9gionale &#8211; Fabrice Gurcel, Tailleur de pierre &#8211; Ang\u00e9lique Enderlin, Maire de Cailloux-sur-Fontaines &#8211; Pascaline de Mesmay, Directrice de la Commission dioc\u00e9saine d&rsquo;Art sacr\u00e9, repr\u00e9sentante de la Fondation Sainte-Ir\u00e9n\u00e9e &#8211; Eric Hafliger, Tailleur de pierre &#8211; Guy Schoepfer, D\u00e9l\u00e9gu\u00e9 de la Fondation du Patrimoine<\/p>\n<p><strong>Texte\u00a0: Marc de Jouvencel<\/strong> \u2013 La commune de Cailloux-sur-Fontaines a f\u00eat\u00e9 l\u2019ach\u00e8vement du projet de restauration des sept croix de chemin qui jalonnent le territoire de la commune.<\/p>\n<p><img loading=\"lazy\" decoding=\"async\" class=\" wp-image-162639 alignleft\" src=\"data:image\/svg+xml,%3Csvg%20xmlns=\" http:=\"\" alt=\"\" width=\"161\" height=\"210\" data-lazy-src=\"https:\/\/www.europesays.com\/fr\/wp-content\/uploads\/2025\/07\/Cimetiere-de-Cailloux-sur-Fontaines.jpg\"\/>Pour c\u00e9l\u00e9brer cette belle r\u00e9ussite patrimoniale, une inauguration officielle a eu lieu le samedi 5 juillet 2025 devant l\u2019\u00e9glise du village, o\u00f9 se trouve l\u2019une des croix restaur\u00e9es, \u00e0 l\u2019initiative de <strong>Michel Gaydier<\/strong>.<\/p>\n<p>Ce projet ambitieux a \u00e9t\u00e9 port\u00e9 par la municipalit\u00e9 de Cailloux-sur-Fontaines, l\u2019association du PAC (Patrimoine Actualit\u00e9s Cailloux-sur-Fontaines) et soutenu par la Fondation Saint Ir\u00e9n\u00e9e, la Fondation du Patrimoine, la R\u00e9gion Auvergne Rh\u00f4ne-Alpes et de nombreux donateurs.<\/p>\n<p><strong>Pi\u00e9t\u00e9 populaire et histoire locale<\/strong><\/p>\n<p>Objectif\u00a0: sauvegarder et mettre en valeur sept croix monumentales datant du XVIe au XIXe si\u00e8cle : la croix Gapaillon, du Tr\u00e8ve-au-Gras, des Rameaux, du cimeti\u00e8re, de l\u2019\u00e9glise, de l\u2019Ascension et du Guillermet.<\/p>\n<p><img loading=\"lazy\" decoding=\"async\" class=\" wp-image-162640 alignleft\" src=\"data:image\/svg+xml,%3Csvg%20xmlns=\" http:=\"\" alt=\"\" width=\"165\" height=\"192\" data-lazy-src=\"https:\/\/www.europesays.com\/fr\/wp-content\/uploads\/2025\/07\/Cailloux-sur-Fontaines-croix-Gapaillon.jpg\"\/>Longtemps oubli\u00e9es, ces croix t\u00e9moignent de la pi\u00e9t\u00e9 populaire et de l\u2019histoire locale. Gr\u00e2ce \u00e0 un travail minutieux de restauration, elles retrouvent aujourd\u2019hui leur \u00e9clat et leur place dans le paysage communal.<\/p>\n<p>\u00ab\u00a0Ce projet n\u2019aurait pu voir le jour sans la mobilisation des habitants, des b\u00e9n\u00e9voles et des partenaires. Il incarne la volont\u00e9 collective de pr\u00e9server un patrimoine rural pr\u00e9cieux et de le transmettre aux g\u00e9n\u00e9rations futures\u00a0\u00bb, souligne <strong>Estelle Baumann<\/strong>, adjointe \u00e0 l\u2019environnement et au patrimoine de Cailloux sur Fontaines.<\/p>\n<p><img loading=\"lazy\" decoding=\"async\" class=\"alignnone size-full wp-image-162638\" src=\"data:image\/svg+xml,%3Csvg%20xmlns=\" http:=\"\" alt=\"\" width=\"900\" height=\"598\" data-lazy- data-lazy- data-lazy-src=\"https:\/\/www.europesays.com\/fr\/wp-content\/uploads\/2025\/07\/Les-croix-sont-situees-sur-la-commune-de-Cailloux-sur-Fontaines-\u2013-Photos-Michel-Gaydier.jpg\"\/><\/p>\n","protected":false},"excerpt":{"rendered":"Michel GAYDIER, Pr\u00e9sident du PAC &#8211; Sophie Blach\u00e8re, Conseill\u00e8re r\u00e9gionale &#8211; Fabrice Gurcel, Tailleur de pierre &#8211; Ang\u00e9lique&hellip;\n","protected":false},"author":2,"featured_media":262252,"comment_status":"","ping_status":"","sticky":false,"template":"","format":"standard","meta":{"footnotes":""},"categories":[1889],"tags":[4257,1111,11,2430,40207,1777,674,1011,27,2428,12,25],"class_list":{"0":"post-262251","1":"post","2":"type-post","3":"status-publish","4":"format-standard","5":"has-post-thumbnail","7":"category-lyon","8":"tag-0top","9":"tag-actu","10":"tag-actualites","11":"tag-auvergne-rhone-alpes","12":"tag-cailloux-sur-fontaines","13":"tag-eu","14":"tag-europe","15":"tag-fr","16":"tag-france","17":"tag-lyon","18":"tag-news","19":"tag-republique-francaise"},"share_on_mastodon":{"url":"https:\/\/pubeurope.com\/@fr\/114888522247430379","error":""},"_links":{"self":[{"href":"https:\/\/www.europesays.com\/fr\/wp-json\/wp\/v2\/posts\/262251","targetHints":{"allow":["GET"]}}],"collection":[{"href":"https:\/\/www.europesays.com\/fr\/wp-json\/wp\/v2\/posts"}],"about":[{"href":"https:\/\/www.europesays.com\/fr\/wp-json\/wp\/v2\/types\/post"}],"author":[{"embeddable":true,"href":"https:\/\/www.europesays.com\/fr\/wp-json\/wp\/v2\/users\/2"}],"replies":[{"embeddable":true,"href":"https:\/\/www.europesays.com\/fr\/wp-json\/wp\/v2\/comments?post=262251"}],"version-history":[{"count":0,"href":"https:\/\/www.europesays.com\/fr\/wp-json\/wp\/v2\/posts\/262251\/revisions"}],"wp:featuredmedia":[{"embeddable":true,"href":"https:\/\/www.europesays.com\/fr\/wp-json\/wp\/v2\/media\/262252"}],"wp:attachment":[{"href":"https:\/\/www.europesays.com\/fr\/wp-json\/wp\/v2\/media?parent=262251"}],"wp:term":[{"taxonomy":"category","embeddable":true,"href":"https:\/\/www.europesays.com\/fr\/wp-json\/wp\/v2\/categories?post=262251"},{"taxonomy":"post_tag","embeddable":true,"href":"https:\/\/www.europesays.com\/fr\/wp-json\/wp\/v2\/tags?post=262251"}],"curies":[{"name":"wp","href":"https:\/\/api.w.org\/{rel}","templated":true}]}}