{"id":262253,"date":"2025-07-21T01:01:19","date_gmt":"2025-07-21T01:01:19","guid":{"rendered":"https:\/\/www.europesays.com\/fr\/262253\/"},"modified":"2025-07-21T01:01:19","modified_gmt":"2025-07-21T01:01:19","slug":"une-plainte-a-ete-deposee-par-la-mairie","status":"publish","type":"post","link":"https:\/\/www.europesays.com\/fr\/262253\/","title":{"rendered":"une plainte a \u00e9t\u00e9 d\u00e9pos\u00e9e par la mairie"},"content":{"rendered":"<p>C\u2019\u00e9tait visiblement un jeu d\u2019enfants. Ce samedi apr\u00e8s-midi, des policiers municipaux ont \u00e9t\u00e9 appel\u00e9s en urgence au pied de l\u2019\u0153uvre monumentale, des bandes de tissu color\u00e9es larges de 6 m\u00e8tres plant\u00e9es sur la place Bellecour dans ses grandes travers\u00e9es.<\/p>\n<p>Des rubans interdisent son acc\u00e8s. La raison? Des boulons ont \u00e9t\u00e9 d\u00e9viss\u00e9s des pieds soutenant la structure. Pourrait-elle pr\u00e9senter un risque\u00a0? En tout cas, tout l\u2019apr\u00e8s-midi, les forces de l\u2019ordre ont \u00e9t\u00e9 mobilis\u00e9es pour restreindre l\u2019acc\u00e8s de Tissage urbain, qui n\u2019en finit pas, alors qu\u2019elle vient tout juste d\u2019\u00eatre achev\u00e9e d\u2019installer, de faire couler de l\u2019encre.<\/p>\n<p>  \u00ab\u00a0Le summum du ridicule\u00a0\u00bb<\/p>\n<p>Si les \u00e9cologistes continuent de vanter les bienfaits de ce tissage qui apporte quelques degr\u00e9s de moins sur l\u2019un des \u00eelots les plus chauds de Lyon, \u00e0 droite l\u2019opposition r\u00e9p\u00e8tent \u00e0 quel point elle est \u00ab\u00a0inutile\u00a0\u00bb, \u00ab\u00a0une gabegie financi\u00e8re\u00a0\u00bb, et \u00e0 des ann\u00e9es-lumi\u00e8re des premi\u00e8res envies des Lyonnais, celle de voir la place Bellecour, v\u00e9g\u00e9talis\u00e9e.<\/p>\n<p>En t\u00eate de la contestation, <a href=\"https:\/\/www.leprogres.fr\/environnement\/2024\/11\/13\/oeuvre-monumentale-sur-la-place-bellecour-inquiet-des-squats-et-des-trafics-de-drogue-le-maire-(lr)-du-2e-arrondissement-demande-l-annulation-du-projet\" target=\"_blank\" rel=\"nofollow noopener\">Pierre Oliver, maire (LR) du 2e arrondissement et candidat aux municipales 2026<\/a> qui, \u00e0 l\u2019heure de constater les derni\u00e8res d\u00e9gradations, r\u00e9agit sur X, pour d\u00e9noncer \u00ab\u00a0le summum du ridicule\u00a0\u00bb. Il \u00e9crit\u00a0: \u00ab\u00a0Apr\u00e8s la d\u00e9gradation de l\u2019\u00e9tendoir \u00e0 1,6M\u20ac, un p\u00e9rim\u00e8tre de s\u00e9curit\u00e9 a \u00e9t\u00e9 install\u00e9. R\u00e9sultat\u00a0: ce samedi apr\u00e8s-midi, nos forces de l\u2019ordre sont mobilis\u00e9es pour prot\u00e9ger \u00ab\u00a0l\u2019\u0153uvre\u00a0\u00bb plut\u00f4t que nos rues.\u00a0\u00bb<\/p>\n<p>Au-del\u00e0 de cette nouvelle pol\u00e9mique, la question en termes de s\u00e9curit\u00e9 de l\u2019espace public se pose encore. Au moment d\u2019\u00e9tudier le projet, en janvier dernier, la Pr\u00e9fecture, si elle n\u2019avait pas voulu bloquer le projet, ne l\u2019avait pas valid\u00e9 alertant des risques que pr\u00e9sentait l\u2019implantation de Tissage urbain.<\/p>\n<p>Les services de l\u2019\u00c9tat redoutaient alors des probl\u00e8mes de \u00ab\u00a0maintien de l\u2019ordre public\u00a0\u00bb lors des manifestations ainsi que des \u00ab\u00a0risques importants de d\u00e9gradation de l\u2019\u0153uvre\u00a0\u00bb.\u00a0Une inqui\u00e9tude que Gr\u00e9gory Doucet aurait entendue <a href=\"https:\/\/www.leprogres.fr\/politique\/2025\/05\/15\/place-bellecour-des-nouvelles-cameras-de-surveillance-installees-pour-proteger-les-ombrieres\" target=\"_blank\" rel=\"nofollow noopener\">en d\u00e9cidant d\u2019installer des nouvelles cam\u00e9ras pour surveiller cette installation<\/a>. Contact\u00e9 ce dimanche, Mohamed Chihi, adjoint (les \u00e9cologistes) \u00e0 la s\u00e9curit\u00e9, affirme que\u00a0la pr\u00e9sence polici\u00e8re a \u00e9t\u00e9 renforc\u00e9e, tout comme la surveillance depuis le centre de supervision urbain. Une plainte a \u00e9t\u00e9 d\u00e9pos\u00e9e par la mairie. Une enqu\u00eate est en cours.<\/p>\n<p>\u00a0<\/p>\n<p>\u00ab\u00a0Nous condamnons avec la plus grande fermet\u00e9\u00a0\u00bb<\/p>\n<p>Il explique \u00a0: \u00abDans le cadre de leurs missions habituelles de tranquillit\u00e9 publique, les effectifs de police municipale et nationale \u00e9taient pr\u00e9sents sur le secteur. Nous avons su, en compl\u00e9ment, mobiliser les moyens n\u00e9cessaires pour r\u00e9pondre rapidement aux besoins sp\u00e9cifiques li\u00e9s \u00e0 cet acte. Les images issues de la vid\u00e9osurveillance sont actuellement analys\u00e9es afin d\u2019appuyer les investigations en cours et de permettre l\u2019identification des auteurs de cet acte de vandalisme, que nous condamnons avec la plus grande fermet\u00e9. Nous d\u00e9non\u00e7ons \u00e9galement les tentatives d\u2019instrumentalisation politicienne qui ont suivi. Cette intervention cibl\u00e9e n\u2019a en aucun cas affect\u00e9 les capacit\u00e9s op\u00e9rationnelles de la police municipale, qui a poursuivi l\u2019ensemble de ses missions sur le territoire.\u00a0\u00bb<\/p>\n<p>  \u00ab\u00a0La s\u00e9curit\u00e9, l\u2019un des points les plus importants\u00a0\u00bb<\/p>\n<p>De leur c\u00f4t\u00e9, Romain Froquet et Tristan Israel, artiste et architecte du projet expliquaient au Progr\u00e8s, en mai dernier, qu\u2019on ne pouvait pas \u00ab\u00a0se lancer sur une installation de ce type-l\u00e0, sur une place qui accueille des manifestations, une grande roue, des \u00e9crans g\u00e9ants et beaucoup de monde, avec des inconnues li\u00e9es \u00e0 la s\u00e9curit\u00e9. C\u2019\u00e9tait m\u00eame l\u2019un des points les plus importants. AIA design, qui fait partie de notre groupement avec aussi Bio G\u00e9o construction, nous a accompagn\u00e9s sur cette partie tr\u00e8s technique pour que l\u2019installation puisse cohabiter avec la vie de la place. [\u2026] Nous avons r\u00e9pondu \u00e0 un cahier des charges exigeant, nous sommes tr\u00e8s \u00e0 l\u2019aise avec ces renforcements, ces \u00e9l\u00e9ments qui ont \u00e9t\u00e9 dimensionn\u00e9s pour accompagner la vie de l\u2019\u0153uvre.\u00a0\u00bb<\/p>\n","protected":false},"excerpt":{"rendered":"C\u2019\u00e9tait visiblement un jeu d\u2019enfants. Ce samedi apr\u00e8s-midi, des policiers municipaux ont \u00e9t\u00e9 appel\u00e9s en urgence au pied&hellip;\n","protected":false},"author":2,"featured_media":262254,"comment_status":"","ping_status":"","sticky":false,"template":"","format":"standard","meta":{"footnotes":""},"categories":[1889],"tags":[1111,11,2430,2757,1777,674,274,107,1011,27,2428,2756,12,25,2429],"class_list":{"0":"post-262253","1":"post","2":"type-post","3":"status-publish","4":"format-standard","5":"has-post-thumbnail","7":"category-lyon","8":"tag-actu","9":"tag-actualites","10":"tag-auvergne-rhone-alpes","11":"tag-edition-lyon-villeurbanne","12":"tag-eu","13":"tag-europe","14":"tag-faits-divers-justice","15":"tag-fil-info","16":"tag-fr","17":"tag-france","18":"tag-lyon","19":"tag-lyon-bassin","20":"tag-news","21":"tag-republique-francaise","22":"tag-rhone"},"share_on_mastodon":{"url":"https:\/\/pubeurope.com\/@fr\/114888525909189713","error":""},"_links":{"self":[{"href":"https:\/\/www.europesays.com\/fr\/wp-json\/wp\/v2\/posts\/262253","targetHints":{"allow":["GET"]}}],"collection":[{"href":"https:\/\/www.europesays.com\/fr\/wp-json\/wp\/v2\/posts"}],"about":[{"href":"https:\/\/www.europesays.com\/fr\/wp-json\/wp\/v2\/types\/post"}],"author":[{"embeddable":true,"href":"https:\/\/www.europesays.com\/fr\/wp-json\/wp\/v2\/users\/2"}],"replies":[{"embeddable":true,"href":"https:\/\/www.europesays.com\/fr\/wp-json\/wp\/v2\/comments?post=262253"}],"version-history":[{"count":0,"href":"https:\/\/www.europesays.com\/fr\/wp-json\/wp\/v2\/posts\/262253\/revisions"}],"wp:featuredmedia":[{"embeddable":true,"href":"https:\/\/www.europesays.com\/fr\/wp-json\/wp\/v2\/media\/262254"}],"wp:attachment":[{"href":"https:\/\/www.europesays.com\/fr\/wp-json\/wp\/v2\/media?parent=262253"}],"wp:term":[{"taxonomy":"category","embeddable":true,"href":"https:\/\/www.europesays.com\/fr\/wp-json\/wp\/v2\/categories?post=262253"},{"taxonomy":"post_tag","embeddable":true,"href":"https:\/\/www.europesays.com\/fr\/wp-json\/wp\/v2\/tags?post=262253"}],"curies":[{"name":"wp","href":"https:\/\/api.w.org\/{rel}","templated":true}]}}