{"id":262261,"date":"2025-07-21T01:07:20","date_gmt":"2025-07-21T01:07:20","guid":{"rendered":"https:\/\/www.europesays.com\/fr\/262261\/"},"modified":"2025-07-21T01:07:20","modified_gmt":"2025-07-21T01:07:20","slug":"les-evenements-de-votre-ete-a-paris","status":"publish","type":"post","link":"https:\/\/www.europesays.com\/fr\/262261\/","title":{"rendered":"Les \u00e9v\u00e9nements de votre \u00e9t\u00e9 \u00e0 Paris !"},"content":{"rendered":"<p><strong>Art, spectacle vivant, concerts, cin\u00e9ma en salle ou en plein air\u2026 la culture ne prend pas de vacances et vous accompagne tout l\u2019\u00e9t\u00e9 \u00e0 Paris ! L\u2019\u00e9quipe Artistik Rezo a s\u00e9lectionn\u00e9 les \u00e9v\u00e9nements \u00e0 ne pas manquer ces prochains mois\u2026<\/strong><\/p>\n<p><strong>1- L\u2019\u00c9t\u00e9 au Hangar Y<\/strong><br \/><strong>Journ\u00e9es ensoleill\u00e9es et soir\u00e9es \u00e9toil\u00e9es au Hangar Y : Une invitation \u00e0 vivre l\u2019instant<\/strong><\/p>\n<p>S\u00e9ances de cin\u00e9ma, balades en barque sur le bassin, visite du parc et de son parcours d\u2019\u0153uvres, programmation culturelle pour petits et grands\u2026 Cet \u00e9t\u00e9, le Hangar Y propose une v\u00e9ritable parenth\u00e8se culturelle au vert pour se ressourcer et s\u2019\u00e9merveiller. Des id\u00e9es de sorties et d\u2019activit\u00e9s pour celles et ceux qui passent l\u2019\u00e9t\u00e9 \u00e0 Paris ou sont de passage dans la capitale !<br \/><a href=\"https:\/\/hangar-y.com\/evenement\/programmation-de-lete\/\" target=\"_blank\" rel=\"noopener\">Toute la programmation en d\u00e9tail ici<\/a><br \/>Hangar Y \u2013 9 Av. de Trivaux, 92190 Meudon<\/p>\n<p><img loading=\"lazy\" decoding=\"async\" aria-describedby=\"caption-attachment-366639\" class=\"wp-image-366639\" src=\"https:\/\/www.europesays.com\/fr\/wp-content\/uploads\/2025\/07\/HangarY-Parc080625@AliceCasenave-10-960x540-1.jpg\" alt=\"\" width=\"500\" height=\"281\"  \/><\/p>\n<p id=\"caption-attachment-366639\" class=\"wp-caption-text\">Hangar Y \u00a9 Alice Casenave<\/p>\n<p><strong>2- Le Festival des Places fait vibrer la Place du Ch\u00e2telet et d\u2019autres places parisiennes chaque week-end<\/strong><\/p>\n<p>Une s\u00e9rie de rendez-vous gratuits et en plein air \u00e0 ne pas manquer pour d\u00e9couvrir, ensemble, une ville en f\u00eate, cr\u00e9ative et ouverte, qui r\u00e9invente ses rues pour mieux les partager. Gratuit et accessible \u00e0 toutes et tous, le festival transforme l\u2019espace public en terrain d\u2019expression, de rencontres, de pratiques culturelles et sportives. Il encourage une ville inclusive, inventive et vivante, o\u00f9 habitants, artistes et passants redessinent ensemble les usages de l\u2019espace public.<br \/><a href=\"https:\/\/www.theatredelaville-paris.com\/fr\/saison-2025-26\/le-festival-des-places\" target=\"_blank\" rel=\"noopener\">Toute la programmation en d\u00e9tail ici<\/a><\/p>\n<p><img loading=\"lazy\" decoding=\"async\" aria-describedby=\"caption-attachment-366640\" class=\"wp-image-366640 size-full\" src=\"https:\/\/www.europesays.com\/fr\/wp-content\/uploads\/2025\/07\/closing_party_the_a_tre_de_la_ville_nade_ge_le_lezec_06_copie.jpg\" alt=\"\" width=\"500\" height=\"267\"  \/><\/p>\n<p id=\"caption-attachment-366640\" class=\"wp-caption-text\">Festival des Places 2025 \u00a9 Nad\u00e8ge Le Lezec<\/p>\n<p><strong>3- Les Estivales : un \u00e9t\u00e9 d\u2019animations sur le parvis du Mus\u00e9e des Arts et M\u00e9tiers<br \/><\/strong><\/p>\n<p>Jusqu\u2019au 3 ao\u00fbt, le Mus\u00e9e des Arts et M\u00e9tiers invite petits et grands \u00e0 d\u00e9couvrir \u201cLes Estivales\u201d, un programme d\u2019activit\u00e9s gratuites et en plein air sur le parvis du mus\u00e9e. \u00c0 travers des ateliers cr\u00e9atifs, des jeux et des animations autour des sciences et des techniques, cette initiative propose une offre culturelle et familiale accessible \u00e0 tous.<br \/><a href=\"https:\/\/www.arts-et-metiers.net\/musee\/les-estivales\" target=\"_blank\" rel=\"noopener\">Toute la programmation en d\u00e9tail ici<\/a><br \/>Mus\u00e9e des Arts et M\u00e9tiers \u2013 60 rue R\u00e9aumur \u2013 75003 Paris<\/p>\n<p><img loading=\"lazy\" decoding=\"async\" aria-describedby=\"caption-attachment-366642\" class=\"wp-image-366642 size-full\" src=\"https:\/\/www.europesays.com\/fr\/wp-content\/uploads\/2025\/07\/Estivale-visuel-haut-de-page-.jpg\" alt=\"\" width=\"500\" height=\"287\"  \/><\/p>\n<p id=\"caption-attachment-366642\" class=\"wp-caption-text\">Les Estivales 2025 \u00a9 Mus\u00e9e des Arts et M\u00e9tiers<\/p>\n<p><strong>4- 5e \u00e9dition des Rendez-vous nature du Jardin des Plantes de Paris<\/strong><\/p>\n<p>Le Mus\u00e9um national d\u2019Histoire naturelle vous invite \u00e0 profiter de l\u2019\u00e9t\u00e9 au Jardin des Plantes de Paris pour la cinqui\u00e8me \u00e9dition des \u201cRendez-vous nature\u201d.<br \/>Rendez-vous tout l\u2019\u00e9t\u00e9 sur la pelouse des Grandes Serres du Jardin des Plantes pour assister \u00e0 une pi\u00e8ce de th\u00e9\u00e2tre, faire une sieste sonore, d\u00e9couvrir la s\u00e9rigraphie ou encore s\u2019initier au dessin botanique. Cet espace est \u00e9galement le point de d\u00e9part de visites guid\u00e9es du Jardin des Plantes pour partir \u00e0 la d\u00e9couverte des arbres remarquables du jardin, de sa diversit\u00e9 v\u00e9g\u00e9tale ou de son histoire. Il est aussi possible de visiter le Jardin \u00e9cologique, habituellement ferm\u00e9 au public. Pour les f\u00e9rus de jeux immersifs, un escape game organis\u00e9 dans la Grande Galerie de l\u2019\u00c9volution propose de r\u00e9soudre \u201cLa myst\u00e9rieuse affaire Dubosquet\u201d.<br \/><a href=\"https:\/\/www.jardindesplantesdeparis.fr\/fr\/les-rendez-vous-nature\" target=\"_blank\" rel=\"noopener\">Toute la programmation en d\u00e9tail ici<\/a><br \/>Jardin des Plantes \u2013 57 rue Cuvier, 75005 Paris<\/p>\n<p><img loading=\"lazy\" decoding=\"async\" aria-describedby=\"caption-attachment-366641\" class=\"wp-image-366641 size-full\" src=\"https:\/\/www.europesays.com\/fr\/wp-content\/uploads\/2025\/07\/RDVNature_600x338pix.jpg\" alt=\"\" width=\"500\" height=\"313\"  \/><\/p>\n<p id=\"caption-attachment-366641\" class=\"wp-caption-text\">\u00a9 Mus\u00e9um national d\u2019Histoire naturelle<\/p>\n<p><strong>5- Jardin d\u2019\u00e9t\u00e9 au mus\u00e9e du quai Branly \u2013 Jacques Chirac<br \/>Des rendez-vous savoureux et gratuits pour les gourmets curieux<br \/><\/strong><\/p>\n<p>Cette ann\u00e9e, le rendez-vous estival du mus\u00e9e du quai Branly \u2013 Jacques Chirac propose une programmation gourmande totalement d\u00e9di\u00e9e aux saveurs et cuisines du monde. Pour l\u2019occasion, tous les sens sont mobilis\u00e9s : les papilles \u00e0 travers des ateliers de d\u00e9couverte autour du cacao, du ma\u00efs, des mochis, de la banane plantain, mais aussi la vue et l\u2019ou\u00efe avec des s\u00e9ances de cin\u00e9ma en plein air pr\u00e9c\u00e9d\u00e9es de rencontres avec des chefs, \u00e0 la mani\u00e8re d\u2019une mise en bouche pour mieux savourer le film. Des ateliers offrent aux plus jeunes l\u2019occasion de percer les secrets des \u201cl\u00e9gumes masqu\u00e9s\u201d, tandis que d\u2019autres sont une invitation \u00e0 un tour monde en \u201cchips\u201d ! Les visiteurs les plus joueurs peuvent s\u2019essayer \u00e0 des quiz et se laisser surprendre par la richesse des collections du mus\u00e9e : des supports \u00e0 couverts du Timor-Leste jusqu\u2019aux ferments \u00e0 bi\u00e8re du S\u00e9n\u00e9gal, en passant par le hachoir \u00e0 coco d\u2019Inde et le caribou s\u00e9ch\u00e9 du Canada, la gastronomie se d\u00e9cline aussi \u00e0 travers ces pi\u00e8ces \u00e9tonnantes. Contes savoureux, balades vertes et plong\u00e9e dans les coulisses du mus\u00e9e agr\u00e9mentent cette programmation estivale concoct\u00e9e pour tous les go\u00fbts.<br \/><a href=\"https:\/\/www.quaibranly.fr\/fr\/expositions-evenements\/au-musee\/spectacles-fetes-et-evenements\/fetes-et-evenements\/details-de-levenement\/e\/jardin-dete-2025\" target=\"_blank\" rel=\"noopener\">Toute la programmation en d\u00e9tail ici<\/a><br \/>Mus\u00e9e du quai Branly \u2013 Jacques Chirac \u2013 37 Quai Jacques Chirac, 75007 Paris<\/p>\n<p><img loading=\"lazy\" decoding=\"async\" class=\"aligncenter wp-image-366643 size-full\" src=\"https:\/\/www.europesays.com\/fr\/wp-content\/uploads\/2025\/07\/Quai-Branly-825x426-4.png\" alt=\"\" width=\"500\" height=\"258\"  \/><\/p>\n<p><strong>6- L\u2019Atelier Rodin : Jouez, cr\u00e9ez, bougez !<\/strong><\/p>\n<p>D\u00e9di\u00e9 \u00e0 la d\u00e9couverte de la sculpture par la pratique, l\u2019Atelier Rodin rouvre ses portes jusqu\u2019au 31 ao\u00fbt, rempli de nouveaut\u00e9s pour s\u2019amuser et apprendre au mus\u00e9e.<br \/>Recommand\u00e9 pour les enfants de 3 \u00e0 12 ans, L\u2019Atelier Rodin s\u2019adresse \u00e0 pr\u00e9sent aussi aux tout-petits (6 \u2013 24 mois) en proposant, notamment, un tout nouvel espace sensoriel.<br \/><a style=\"color: #3366ff;\" href=\"https:\/\/www.musee-rodin.fr\/musee\/agenda\/latelier-rodin\" target=\"_blank\" rel=\"noopener\">Toute la programmation en d\u00e9tail ici<\/a><br \/>Mus\u00e9e Rodin \u2013 77, rue de Varenne 75007 Paris<\/p>\n<p><img loading=\"lazy\" decoding=\"async\" class=\"wp-image-366644 size-full aligncenter\" src=\"https:\/\/www.europesays.com\/fr\/wp-content\/uploads\/2025\/07\/latelier-rodin.jpg\" alt=\"\" width=\"500\" height=\"281\"  \/><\/p>\n<p><strong>7- Les Nocturnes du Parc zoologique de Paris<\/strong><\/p>\n<p>Jusqu\u2019au 14 ao\u00fbt, les Nocturnes du Parc zoologique de Paris font leur retour tous les jeudis, de 18h \u00e0 22h, pour une exp\u00e9rience unique en famille, entre amis ou en amoureux. Lorsque le soleil d\u00e9cline sur Paris, les animaux se d\u00e9couvrent dans une autre atmosph\u00e8re : les lions s\u2019\u00e9tirent \u00e0 la sortie de leur sieste, les chauves-souris prennent leur repas, les babouins profitent des derniers rayons du soleil\u2026 Un moment rare pour observer les animaux autrement.<br \/><a href=\"https:\/\/www.parczoologiquedeparis.fr\/fr\/evenement\/nocturnes\" target=\"_blank\" rel=\"noopener\">Toute la programmation en d\u00e9tail ici<\/a><br \/>Parc zoologique de Paris \u2013 Av. Daumesnil, 75012 Paris<\/p>\n<p><img loading=\"lazy\" decoding=\"async\" class=\"aligncenter wp-image-366646 size-full\" src=\"https:\/\/www.europesays.com\/fr\/wp-content\/uploads\/2025\/07\/220525_PZP25-NOCT_1920x1080-Px-1.jpg\" alt=\"\" width=\"500\" height=\"281\"  \/><\/p>\n<p><strong>8- L\u2019\u00c9t\u00e9 du Canal fait son grand retour pour vous embarquer dans sa 18e \u00e9dition !<\/strong><\/p>\n<p>L\u2019\u00c9t\u00e9 du Canal revient pour sa 18e \u00e9dition jusqu\u2019au 10 ao\u00fbt avec une programmation encore plus festive que les ann\u00e9es pr\u00e9c\u00e9dentes. Dans l\u2019eau ou le long des canaux, cette manifestation propose de nombreuses animations \u00e0 ne surtout pas manquer cet \u00e9t\u00e9 : navettes fluviales pas cher, parcs nautiques, ateliers gratuits, croisi\u00e8res, street art, balades et visites animeront le canal de l\u2019Ourcq, le canal Saint-Denis et la boucle Nord de la Seine.<br \/><a href=\"https:\/\/www.tourisme93.com\/ete-du-canal\/\" target=\"_blank\" rel=\"noopener\">Toute la programmation en d\u00e9tail ici<\/a><\/p>\n<p><img loading=\"lazy\" decoding=\"async\" aria-describedby=\"caption-attachment-366647\" class=\"wp-image-366647 size-full\" src=\"https:\/\/www.europesays.com\/fr\/wp-content\/uploads\/2025\/07\/image_processing20250401-6906-vdj5h5.jpg\" alt=\"\" width=\"500\" height=\"313\"  \/><\/p>\n<p id=\"caption-attachment-366647\" class=\"wp-caption-text\">L\u2019\u00c9t\u00e9 du Canal \u00a9 Arthur Crestani<\/p>\n<p><strong>9- Paris Plages 2025, parrain\u00e9 par Ra\u00ef, la star br\u00e9silienne du football, s\u2019habille aux couleurs du Br\u00e9sil !<\/strong><\/p>\n<p>Rendez-vous estival de r\u00e9f\u00e9rence, Paris Plages\u00a0s\u2019habille cet \u00e9t\u00e9 aux couleurs du Br\u00e9sil. Pour la premi\u00e8re fois de son histoire, l\u2019\u00e9v\u00e9nement s\u2019inscrit dans le cadre d\u2019une saison culturelle crois\u00e9e gr\u00e2ce \u00e0 la volont\u00e9 et au commissariat d\u2019Emilio Kalil pour mettre en avant la culture des plages br\u00e9siliennes.<br \/>Cette ann\u00e9e, pour mettre en avant la culture des plages br\u00e9siliennes une grande plage de sable est d\u00e9ploy\u00e9e en bord de Seine ainsi que 3 terrains de sport de plage qui sont install\u00e9s sur le parvis, au c\u0153ur de la for\u00eat urbaine. Les Parisiennes et les Parisiens ainsi que les visiteurs peuvent profiter d\u2019animations sportives et culturelles : p\u00e9tanque, babyfoots, jeux g\u00e9ants, espace de baignade\u2026<br \/>Sur les Berges de Seine, \u00e0 quai, des espaces de brumisation, des transats et des parasols invitent \u00e0 la d\u00e9tente. Des animations br\u00e9siliennes sur le site en jalonnement sur les deux mois : batucadas, projections de films en bord de Seine. La gastronomie br\u00e9silienne est aussi \u00e0 l\u2019honneur : finger food et food market Brasil \u2026<br \/>Paris Plages 2025 est aussi l\u2019occasion de d\u00e9couvrir la sc\u00e8ne contemporaine et l\u2019h\u00e9ritage br\u00e9siliens, autour des expositions de Jo\u00e3o Farkas et Luiz Braga.<br \/><a href=\"https:\/\/www.paris.fr\/paris-plages-2025\" target=\"_blank\" rel=\"noopener\">Toute la programmation en d\u00e9tail ici<\/a><\/p>\n<p><img loading=\"lazy\" decoding=\"async\" aria-describedby=\"caption-attachment-366648\" class=\"wp-image-366648 size-full\" src=\"https:\/\/www.europesays.com\/fr\/wp-content\/uploads\/2025\/07\/image_processing20250707-2941-1cmcpm.jpg\" alt=\"\" width=\"500\" height=\"313\"  \/><\/p>\n<p id=\"caption-attachment-366648\" class=\"wp-caption-text\">Paris Plage Rives de Seine 2025 \u00a9 Jean-Baptiste Gurliat \/ Ville de Paris<\/p>\n<p><strong>10- L\u2019\u00e9t\u00e9 sportif de la Philharmonie des enfants<\/strong><\/p>\n<p>Depuis le 8 juillet, la marelle musicale \u201cDanse Harmonie\u201d \u0153uvre interactive con\u00e7ue par Dominique Dalcan est install\u00e9e en acc\u00e8s libre aux abords de la Philharmonie des enfants pendant tout l\u2019\u00e9t\u00e9. Seul ou \u00e0 plusieurs, les visiteurs peuvent se mettre en mouvement et danser au rythme de la marelle\u2026<br \/><a href=\"https:\/\/philharmoniedeparis.fr\/fr\/activite\/philharmonie-des-enfants\/28832-philharmonie-des-enfants?itemId=\" target=\"_blank\" rel=\"noopener\">Toute la programmation en d\u00e9tail ici<\/a><\/p>\n<p><img loading=\"lazy\" decoding=\"async\" aria-describedby=\"caption-attachment-366658\" class=\"wp-image-366658 size-full\" src=\"https:\/\/www.europesays.com\/fr\/wp-content\/uploads\/2025\/07\/6683efe02d2f4_Philharmonie_Petit-Grand-Festival_Marelle_2023-2024_by_J-L-Carli_-33.jpg\" alt=\"\" width=\"500\" height=\"333\"  \/><\/p>\n<p id=\"caption-attachment-366658\" class=\"wp-caption-text\">\u00a9 Philharmonie de Paris<\/p>\n<p><strong><br \/>L\u2019\u00e9quipe Artistik Rezo vous souhaite un tr\u00e8s bel \u00e9t\u00e9 !<\/strong><\/p>\n<p>\u00a0<\/p>\n<p><img loading=\"lazy\" decoding=\"async\" class=\"aligncenter\" src=\"https:\/\/www.europesays.com\/fr\/wp-content\/uploads\/2025\/07\/giphy.gif\" width=\"484\" height=\"204\"\/><\/p>\n","protected":false},"excerpt":{"rendered":"Art, spectacle vivant, concerts, cin\u00e9ma en salle ou en plein air\u2026 la culture ne prend pas de vacances&hellip;\n","protected":false},"author":2,"featured_media":262262,"comment_status":"","ping_status":"","sticky":false,"template":"","format":"standard","meta":{"footnotes":""},"categories":[1888],"tags":[1111,11,251,17545,1777,674,1011,27,12,626,25,1669],"class_list":{"0":"post-262261","1":"post","2":"type-post","3":"status-publish","4":"format-standard","5":"has-post-thumbnail","7":"category-paris","8":"tag-actu","9":"tag-actualites","10":"tag-culture","11":"tag-ete-2025","12":"tag-eu","13":"tag-europe","14":"tag-fr","15":"tag-france","16":"tag-news","17":"tag-paris","18":"tag-republique-francaise","19":"tag-sorties"},"share_on_mastodon":{"url":"https:\/\/pubeurope.com\/@fr\/114888549963114523","error":""},"_links":{"self":[{"href":"https:\/\/www.europesays.com\/fr\/wp-json\/wp\/v2\/posts\/262261","targetHints":{"allow":["GET"]}}],"collection":[{"href":"https:\/\/www.europesays.com\/fr\/wp-json\/wp\/v2\/posts"}],"about":[{"href":"https:\/\/www.europesays.com\/fr\/wp-json\/wp\/v2\/types\/post"}],"author":[{"embeddable":true,"href":"https:\/\/www.europesays.com\/fr\/wp-json\/wp\/v2\/users\/2"}],"replies":[{"embeddable":true,"href":"https:\/\/www.europesays.com\/fr\/wp-json\/wp\/v2\/comments?post=262261"}],"version-history":[{"count":0,"href":"https:\/\/www.europesays.com\/fr\/wp-json\/wp\/v2\/posts\/262261\/revisions"}],"wp:featuredmedia":[{"embeddable":true,"href":"https:\/\/www.europesays.com\/fr\/wp-json\/wp\/v2\/media\/262262"}],"wp:attachment":[{"href":"https:\/\/www.europesays.com\/fr\/wp-json\/wp\/v2\/media?parent=262261"}],"wp:term":[{"taxonomy":"category","embeddable":true,"href":"https:\/\/www.europesays.com\/fr\/wp-json\/wp\/v2\/categories?post=262261"},{"taxonomy":"post_tag","embeddable":true,"href":"https:\/\/www.europesays.com\/fr\/wp-json\/wp\/v2\/tags?post=262261"}],"curies":[{"name":"wp","href":"https:\/\/api.w.org\/{rel}","templated":true}]}}