{"id":262263,"date":"2025-07-21T01:08:10","date_gmt":"2025-07-21T01:08:10","guid":{"rendered":"https:\/\/www.europesays.com\/fr\/262263\/"},"modified":"2025-07-21T01:08:10","modified_gmt":"2025-07-21T01:08:10","slug":"les-autorites-considerent-tout-groupe-de-labc-comme-une-organisation-indesirable-%f0%9f%94%b4-info-libertaire-2","status":"publish","type":"post","link":"https:\/\/www.europesays.com\/fr\/262263\/","title":{"rendered":"Les autorit\u00e9s consid\u00e8rent tout groupe de l\u2019ABC comme une \u00ab\u00a0organisation ind\u00e9sirable\u00a0\u00bb \u2013 \ud83d\udd34 Info Libertaire"},"content":{"rendered":"<p><\/p>\n<p><a href=\"https:\/\/avtonom.org\/en\/news\/russian-authorities-consider-any-anarchist-black-cross-groups-undesirable-organization\" rel=\"nofollow noopener\" target=\"_blank\">Avtonom<\/a> \/ vendredi 11 juillet 2025<\/p>\n<p><a href=\"https:\/\/www.anarchistfederation.net\/pixel.jpg\" rel=\"nofollow noopener\" target=\"_blank\"><img loading=\"lazy\" decoding=\"async\" class=\" wp-image-59985 alignright lazy\" src=\"\" style=\"width:1px;height:1px;display:none!important\" alt=\"\" width=\"172\" height=\"166\" data-pagespeed-url-hash=\"3006983030\" onload=\"pagespeed.CriticalImages.checkImageForCriticality(this);\"\/><\/a>Au d\u00e9but de l\u2019ann\u00e9e 2024, le minist\u00e8re russe de la Justice a ajout\u00e9 la f\u00e9d\u00e9ration am\u00e9ricaine de l\u2019Anarchist Black Cross \u00e0 sa liste des \u00ab organisations ind\u00e9sirables \u00bb. \u00c0 l\u2019\u00e9poque, l\u2019Anarchist Black Cross de Moscou (ABC Moscou) a d\u00e9clar\u00e9 publiquement qu\u2019elle n\u2019avait aucun lien organisationnel avec la f\u00e9d\u00e9ration am\u00e9ricaine\u00a0: les groupes de l\u2019ABC dans le monde sont autonomes et les groupes russes n\u2019ont jamais fait partie de la f\u00e9d\u00e9ration am\u00e9ricaine.<br \/>Cependant, en 2025, il est devenu clair que les autorit\u00e9s russes ne consid\u00e8rent pas seulement la f\u00e9d\u00e9ration am\u00e9ricaine comme \u00ab\u00a0ind\u00e9sirable\u00a0\u00bb \u2013 ils ciblent tous les groupes de l\u2019ABC.<\/p>\n<p><strong>Le pr\u00e9texte\u00a0: un livre de l\u2019anarchiste bi\u00e9lorusse Igor Olinevich<\/strong><\/p>\n<p>En d\u00e9cembre 2024, le livre \u00ab Sur la route de Magadan \u00bb [voir <a href=\"https:\/\/infokiosques.net\/spip.php?article1103\" rel=\"nofollow noopener\" target=\"_blank\">ici<\/a> ; NdAtt.] de l\u2019anarchiste bi\u00e9lorusse Igor Olinevich a \u00e9t\u00e9 achet\u00e9 pendant des op\u00e9rations d\u2019infiltration \u00e0 la librairie \u00ab Falanster \u00bb de Moscou et \u00e0 la librairie \u00ab Podpisnye Izdaniya \u00bb de Saint-P\u00e9tersbourg. Au printemps 2025, les deux librairies ont \u00e9t\u00e9 poursuivies (<a href=\"https:\/\/theins.ru\/news\/281504\" rel=\"nofollow noopener\" target=\"_blank\">source<\/a>) en vertu de l\u2019article sur la participation aux activit\u00e9s d\u2019une \u00ab organisation ind\u00e9sirable \u00bb. La base des accusations ? Un post-scriptum dans le livre, sign\u00e9 par le groupe ABC B\u00e9larus.<\/p>\n<p>Le livre, lui, a \u00e9t\u00e9 publi\u00e9 par la coop\u00e9rative russe Radical Theory and Practice, qui n\u2019a aucune affiliation avec la f\u00e9d\u00e9ration am\u00e9ricaine de l\u2019ABC \u2013 mais cela n\u2019a eu aucune importance pour les autorit\u00e9s.<\/p>\n<p><strong>Qu\u2019est-ce que cela signifie en pratique ?<\/strong><\/p>\n<p>\u00c0 partir de 2025, m\u00eame le simple fait de relayer des infos, de faire un don ou de publier du contenu comportant des symboles de l\u2019ABC ou de l\u2019un de ses groupes peut constituer un motif de poursuite, en Russie.<\/p>\n<p>Cela peut porter \u00e0 des poursuites administratives ou p\u00e9nales, notamment\u00a0:<br \/>\u2013 Infraction : Participation \u00e0 l\u2019activit\u00e9 d\u2019une \u00ab organisation ind\u00e9sirable \u00bb (en vertu du droit administratif).<br \/>\u2013 D\u00e9lit (en vertu du droit p\u00e9nal) :<br \/>jusqu\u2019\u00e0 quatre ans de prison pour la participation,<br \/>jusqu\u2019\u00e0 cinq ans pour le financement,<br \/>jusqu\u2019\u00e0 six ans pour l\u2019organisation de telles activit\u00e9s.<\/p>\n<p>Actions qui peuvent mener \u00e0 des pers\u00e9cutions en Russie\u00a0:<br \/>\u2013 participer aux activit\u00e9s des groupes de l\u2019ABC,<br \/>\u2013 relayer des information ou mentionner publiquement l\u2019ABC,<br \/>\u2013 envoyer de dons \u00e0 l\u2019ABC,<br \/>\u2013 distribuer des publications associ\u00e9es \u00e0 l\u2019ABC (y compris le livre d\u2019Olinevich).<\/p>\n<p>M\u00eame la continuit\u00e9 historique des anarchistes dans l\u2019Empire russe est maintenant une raison de pers\u00e9cution. La Croix noire anarchiste (Anarchist Black Cross, ABC) a \u00e9t\u00e9 fond\u00e9e en Russie en 1906, \u00e0 l\u2019origine sous le nom de Croix rouge anarchiste, puis renomm\u00e9e. Depuis lors, les anarchistes ont toujours soutenu les prisonnier.es politiques \u2013 et elles\/ils continueront \u00e0 le faire, malgr\u00e9 la r\u00e9pression.<\/p>\n<p><strong>L\u2019ABC Moscou aujourd\u2019hui<\/strong><\/p>\n<p>Tou.tes les membres de l\u2019ABC Moscou ont quitt\u00e9 le territoire de la F\u00e9d\u00e9ration de Russie. Nous continuons \u00e0 assister ceux\/celles que les autorit\u00e9s russes pers\u00e9cutent pour leurs convictions anarchistes et antifascistes : pour sortir du pays, pour s\u2019adapter \u00e0 la vie \u00e0 l\u2019\u00e9tranger, avec du soutien juridique et mat\u00e9riel.<\/p>\n<p><strong>Soutenez notre travail (si vous \u00eates en dehors de la Russie)\u00a0:<\/strong><\/p>\n<p><strong>PayPal<\/strong> : <a href=\"https:\/\/www.infolibertaire.net\/cdn-cgi\/l\/email-protection\" class=\"__cf_email__\" data-cfemail=\"c6a7a4a5ebabb5ad86b4afb5a3b3b6e8a8a3b2\" rel=\"nofollow noopener\" target=\"_blank\">[email\u00a0protected]<\/a><br \/><strong>Cryptomonnaie<\/strong>\u00a0:<br \/>\u2013 <strong>Bitcoin<\/strong> : bc1qhu02jedtulqw5tw8nnktf6d0ujn8dyx3gk556e<br \/>\u2013 <strong>Monero<\/strong> : 492K8eQY7zHA1pWnHJnrmN9FnesxNpgsxN5kXh<br \/>yuEwn7T8TRnxnLHVG3ErsituEEYQgxWNH2j1kYrQbjeRNF42vqJgQCX9x<br \/>\u2013 <strong>Ethereum<\/strong> : 0xe8438E88226FA15Df11FA55E68e5092194818615<br \/>\u2013 <strong>Dash<\/strong> : XjtYQsqXjnuQxp1HAj3iJtqubukvNsSZex<br \/>\u2013 <strong>Zcash<\/strong> : t1RFKaTs4yvU7PeTKeEBJwh3YrcE8mN33up<\/p>\n<p>Pour nous contacter\u00a0: abc-msk [at] riseup.net<br \/>La solidarit\u00e9 est notre arme\u00a0!<\/p>\n<p><br clear=\"both\"\/><\/p>\n<p><\/p>\n<p><strong>Source:<\/strong> <a href=\"https:\/\/attaque.noblogs.org\/post\/2025\/07\/20\/russie-les-autorites-considerent-tout-groupe-de-labc-comme-une-organisation-indesirable\/\" target=\"_blank\" rel=\"nofollow noopener\">Attaque.noblogs.org<\/a><br \/><\/p>\n","protected":false},"excerpt":{"rendered":"Avtonom \/ vendredi 11 juillet 2025 Au d\u00e9but de l\u2019ann\u00e9e 2024, le minist\u00e8re russe de la Justice a&hellip;\n","protected":false},"author":2,"featured_media":261942,"comment_status":"","ping_status":"","sticky":false,"template":"","format":"standard","meta":{"footnotes":""},"categories":[1591],"tags":[11,1887,12,1885,1886,132],"class_list":{"0":"post-262263","1":"post","2":"type-post","3":"status-publish","4":"format-standard","5":"has-post-thumbnail","7":"category-russie","8":"tag-actualites","9":"tag-federation-de-russie","10":"tag-news","11":"tag-russia","12":"tag-russian-federation","13":"tag-russie"},"share_on_mastodon":{"url":"","error":""},"_links":{"self":[{"href":"https:\/\/www.europesays.com\/fr\/wp-json\/wp\/v2\/posts\/262263","targetHints":{"allow":["GET"]}}],"collection":[{"href":"https:\/\/www.europesays.com\/fr\/wp-json\/wp\/v2\/posts"}],"about":[{"href":"https:\/\/www.europesays.com\/fr\/wp-json\/wp\/v2\/types\/post"}],"author":[{"embeddable":true,"href":"https:\/\/www.europesays.com\/fr\/wp-json\/wp\/v2\/users\/2"}],"replies":[{"embeddable":true,"href":"https:\/\/www.europesays.com\/fr\/wp-json\/wp\/v2\/comments?post=262263"}],"version-history":[{"count":0,"href":"https:\/\/www.europesays.com\/fr\/wp-json\/wp\/v2\/posts\/262263\/revisions"}],"wp:featuredmedia":[{"embeddable":true,"href":"https:\/\/www.europesays.com\/fr\/wp-json\/wp\/v2\/media\/261942"}],"wp:attachment":[{"href":"https:\/\/www.europesays.com\/fr\/wp-json\/wp\/v2\/media?parent=262263"}],"wp:term":[{"taxonomy":"category","embeddable":true,"href":"https:\/\/www.europesays.com\/fr\/wp-json\/wp\/v2\/categories?post=262263"},{"taxonomy":"post_tag","embeddable":true,"href":"https:\/\/www.europesays.com\/fr\/wp-json\/wp\/v2\/tags?post=262263"}],"curies":[{"name":"wp","href":"https:\/\/api.w.org\/{rel}","templated":true}]}}