{"id":262264,"date":"2025-07-21T01:09:17","date_gmt":"2025-07-21T01:09:17","guid":{"rendered":"https:\/\/www.europesays.com\/fr\/262264\/"},"modified":"2025-07-21T01:09:17","modified_gmt":"2025-07-21T01:09:17","slug":"la-russie-intensifie-ses-frappes-avant-de-possibles-nouveaux-pourparlers-2","status":"publish","type":"post","link":"https:\/\/www.europesays.com\/fr\/262264\/","title":{"rendered":"La Russie intensifie ses frappes avant de possibles nouveaux pourparlers"},"content":{"rendered":"<p><strong>R\u00e9cap &#8211; \u00ab\u00a020 Minutes\u00a0\u00bb fait le point pour vous tous les soirs sur le conflit. Ce dimanche, la Russie aurait lanc\u00e9 des dizaines de drones et missiles dans le nord et l\u2019est de l\u2019Ukraine, alors que de nouveaux pourparlers ont \u00e9t\u00e9 propos\u00e9s<\/strong><\/p>\n<p>Vous avez rat\u00e9 les derniers \u00e9v\u00e9nements sur la <a href=\"https:\/\/www.20minutes.fr\/monde\/ukraine\/?at_medium=RSS%20feed&amp;at_campaign=ynews&amp;utm_source=yahoo&amp;utm_medium=rss&amp;utm_campaign=news_feed&amp;utm_content=in_article_link\" rel=\"nofollow noopener\" target=\"_blank\" data-ylk=\"slk:guerre en Ukraine;elm:context_link;itc:0;sec:content-canvas\" class=\"link \">guerre en Ukraine<\/a>\u00a0? 20 Minutes fait le point pour vous tous les soirs. Voici l\u2019essentiel de ce dimanche 20\u00a0juillet, 1.243e jour du conflit.<\/p>\n<p>Le fait du jour<\/p>\n<p>La <a href=\"https:\/\/www.20minutes.fr\/monde\/russie\/?at_medium=RSS%20feed&amp;at_campaign=ynews&amp;utm_source=yahoo&amp;utm_medium=rss&amp;utm_campaign=news_feed&amp;utm_content=in_article_link\" rel=\"nofollow noopener\" target=\"_blank\" data-ylk=\"slk:Russie;elm:context_link;itc:0;sec:content-canvas\" class=\"link \">Russie<\/a> n\u2019a fait qu\u2019intensifier ces derniers mois ses frappes et bombardements sur les villes ukrainiennes, y compris Kiev, et son offensive terrestre dans l\u2019est du pays, o\u00f9 ses troupes avancent lentement, mais r\u00e9guli\u00e8rement.<\/p>\n<p>Selon l\u2019arm\u00e9e de l\u2019air ukrainienne, <a href=\"https:\/\/www.20minutes.fr\/monde\/moscou\/?at_medium=RSS%20feed&amp;at_campaign=ynews&amp;utm_source=yahoo&amp;utm_medium=rss&amp;utm_campaign=news_feed&amp;utm_content=in_article_link\" rel=\"nofollow noopener\" target=\"_blank\" data-ylk=\"slk:Moscou;elm:context_link;itc:0;sec:content-canvas\" class=\"link \">Moscou<\/a> aurait lanc\u00e9 57 drones de type Shahed et drones leurres et 35 missiles a\u00e9riens dans la nuit de samedi \u00e0 dimanche, comme le rapporte <a href=\"https:\/\/www.lemonde.fr\/international\/live\/2025\/07\/20\/en-direct-guerre-en-ukraine-volodymyr-zelensky-souhaite-relancer-les-negociations-avec-la-russie_6622319_3210.html?at_medium=RSS%20feed&amp;at_campaign=ynews&amp;utm_source=yahoo&amp;utm_medium=rss&amp;utm_campaign=news_feed&amp;utm_content=in_article_link\" rel=\"nofollow noopener\" target=\"_blank\" data-ylk=\"slk:Le Monde.;elm:context_link;itc:0;sec:content-canvas\" class=\"link \">Le Monde.<\/a> En r\u00e9ponse, la d\u00e9fense ukrainienne a abattu \u00ab\u00a018 drones de type Shahed\u00a0\u00bb dans le nord et l\u2019est du pays, a-t-elle indiqu\u00e9 sur Telegram.<\/p>\n<p>La d\u00e9claration du jour<\/p>\n<p>L\u2019Ukrainien Oleksandr Usyk est redevenu champion du monde r\u00e9unifi\u00e9 (WBA, WBC, WBO, IBF) des poids lourds apr\u00e8s sa victoire par KO au cinqui\u00e8me round sur le Britannique Daniel Dubois, samedi soir \u00e0 Wembley \u00e0 Londres. Le boxeur originaire de Crim\u00e9e, 38 ans, reste invaincu dans la cat\u00e9gorie reine au terme de son 24e succ\u00e8s, le 15e avant la limite.<\/p>\n<p>\u00ab\u00a0Je remercie J\u00e9sus. Je remercie mon \u00e9quipe. Je remercie Wembley. Ce soir, ce succ\u00e8s est pour les gens du monde entier\u00a0\u00bb, a d\u00e9clar\u00e9 Usyk, tr\u00e8s croyant, qui a r\u00e9guli\u00e8rement d\u00e9clar\u00e9 par le pass\u00e9 qu\u2019il combattait aussi pour le peuple ukrainien. Le pr\u00e9sident ukrainien s\u2019est d\u2019ailleurs empress\u00e9 de f\u00e9liciter son compatriote dans un message sur X. \u00ab\u00a0Il l\u2019a fait. Un champion incont(&#8230;)<\/p>\n<p><a href=\"https:\/\/www.20minutes.fr\/monde\/ukraine\/4164474-20250720-guerre-ukraine-russie-intensifie-frappes-avant-possibles-nouveaux-pourparlers?at_medium=RSS%20feed&amp;at_campaign=ynews&amp;utm_source=yahoo&amp;utm_medium=rss&amp;utm_campaign=news_feed&amp;utm_content=read_more_link&quot;\" rel=\"nofollow noopener\" target=\"_blank\" data-ylk=\"slk:Lire la suite sur 20minutes;elm:context_link;itc:0;sec:content-canvas\" class=\"link \">Lire la suite sur 20minutes<\/a><\/p>\n<p>\u00c0 lire aussi :<br \/><a href=\"https:\/\/www.20minutes.fr\/monde\/ukraine\/4163908-20250716-guerre-ukraine-trump-demande-ukraine-cibler-moscou-groupe-hackers-prorusse-demantele?at_medium=RSS%20feed&amp;at_campaign=ynews&amp;utm_source=yahoo&amp;utm_medium=rss&amp;utm_campaign=news_feed&amp;utm_content=related_content_link\" rel=\"nofollow noopener\" target=\"_blank\" data-ylk=\"slk:Guerre en Ukraine\u00a0: Trump demande \u00e0 Kiev de ne \u00ab\u00a0pas cibler Moscou\u00a0\u00bb, un groupe de hackers prorusse d\u00e9mantel\u00e9;elm:context_link;itc:0;sec:content-canvas\" class=\"link \">Guerre en Ukraine\u00a0: Trump demande \u00e0 Kiev de ne \u00ab\u00a0pas cibler Moscou\u00a0\u00bb, un groupe de hackers prorusse d\u00e9mantel\u00e9<\/a><br \/><a href=\"https:\/\/www.20minutes.fr\/monde\/ukraine\/4163901-20250716-guerre-ukraine-important-groupe-hackers-prorusses-demantele?at_medium=RSS%20feed&amp;at_campaign=ynews&amp;utm_source=yahoo&amp;utm_medium=rss&amp;utm_campaign=news_feed&amp;utm_content=related_content_link\" rel=\"nofollow noopener\" target=\"_blank\" data-ylk=\"slk:Guerre en Ukraine\u00a0: Un important groupe de hackers prorusses d\u00e9mantel\u00e9;elm:context_link;itc:0;sec:content-canvas\" class=\"link \">Guerre en Ukraine\u00a0: Un important groupe de hackers prorusses d\u00e9mantel\u00e9<\/a><\/p>\n","protected":false},"excerpt":{"rendered":"R\u00e9cap &#8211; \u00ab\u00a020 Minutes\u00a0\u00bb fait le point pour vous tous les soirs sur le conflit. Ce dimanche, la&hellip;\n","protected":false},"author":2,"featured_media":262265,"comment_status":"","ping_status":"","sticky":false,"template":"","format":"standard","meta":{"footnotes":""},"categories":[1590],"tags":[642,11,40209,1777,674,12,40208,220],"class_list":{"0":"post-262264","1":"post","2":"type-post","3":"status-publish","4":"format-standard","5":"has-post-thumbnail","7":"category-ukraine","8":"tag-20-minutes","9":"tag-actualites","10":"tag-ce-soir","11":"tag-eu","12":"tag-europe","13":"tag-news","14":"tag-oleksandr-usyk","15":"tag-ukraine"},"share_on_mastodon":{"url":"https:\/\/pubeurope.com\/@fr\/114888557530588220","error":""},"_links":{"self":[{"href":"https:\/\/www.europesays.com\/fr\/wp-json\/wp\/v2\/posts\/262264","targetHints":{"allow":["GET"]}}],"collection":[{"href":"https:\/\/www.europesays.com\/fr\/wp-json\/wp\/v2\/posts"}],"about":[{"href":"https:\/\/www.europesays.com\/fr\/wp-json\/wp\/v2\/types\/post"}],"author":[{"embeddable":true,"href":"https:\/\/www.europesays.com\/fr\/wp-json\/wp\/v2\/users\/2"}],"replies":[{"embeddable":true,"href":"https:\/\/www.europesays.com\/fr\/wp-json\/wp\/v2\/comments?post=262264"}],"version-history":[{"count":0,"href":"https:\/\/www.europesays.com\/fr\/wp-json\/wp\/v2\/posts\/262264\/revisions"}],"wp:featuredmedia":[{"embeddable":true,"href":"https:\/\/www.europesays.com\/fr\/wp-json\/wp\/v2\/media\/262265"}],"wp:attachment":[{"href":"https:\/\/www.europesays.com\/fr\/wp-json\/wp\/v2\/media?parent=262264"}],"wp:term":[{"taxonomy":"category","embeddable":true,"href":"https:\/\/www.europesays.com\/fr\/wp-json\/wp\/v2\/categories?post=262264"},{"taxonomy":"post_tag","embeddable":true,"href":"https:\/\/www.europesays.com\/fr\/wp-json\/wp\/v2\/tags?post=262264"}],"curies":[{"name":"wp","href":"https:\/\/api.w.org\/{rel}","templated":true}]}}