{"id":262266,"date":"2025-07-21T01:10:09","date_gmt":"2025-07-21T01:10:09","guid":{"rendered":"https:\/\/www.europesays.com\/fr\/262266\/"},"modified":"2025-07-21T01:10:09","modified_gmt":"2025-07-21T01:10:09","slug":"mondial-2026-aux-etats-unis-la-fifa-prevoit-jusqua-quatre-pauses-fraicheur-par-match-linfo-re","status":"publish","type":"post","link":"https:\/\/www.europesays.com\/fr\/262266\/","title":{"rendered":"Mondial 2026 aux \u00c9tats-Unis : la FIFA pr\u00e9voit jusqu\u2019\u00e0 quatre pauses fra\u00eecheur par match &#8211; LINFO.re"},"content":{"rendered":"<p>Pour faire face aux fortes chaleurs attendues lors de la Coupe du monde 2026 aux \u00c9tats-Unis, la FIFA envisage un dispositif in\u00e9dit. Il y aurait deux arr\u00eats de jeu suppl\u00e9mentaires par mi-temps pour s\u2019hydrater, portant le nombre de pauses \u00e0 quatre pauses \u00e0 chaque rencontre.<\/p>\n<p>\t\t\t\t\t\t<strong>\u00c0 la 15e, 30e, 60e et 75e\u00a0minute de jeu<\/strong><\/p>\n<p>La <a href=\"https:\/\/www.linfo.re\/tags\/fifa\" target=\"_blank\" rel=\"noopener\"><strong>FIFA<\/strong><\/a> envisage d\u2019instaurer jusqu\u2019\u00e0 quatre pauses fra\u00eecheur par match lors du <strong><a href=\"https:\/\/www.linfo.re\/coupe-du-monde\/\" target=\"_blank\" rel=\"noopener\">Mondial<\/a> 2026\u00a0<\/strong>organis\u00e9 aux \u00c9tats-Unis, au Canada et au Mexique. Ces interruptions devraient durer environ une minute chacune et se d\u00e9rouler dans chaque mi-temps, soit \u00e0 la 15e, 30e, 60e et 75e minute de jeu.<\/p>\n<p>Cette mesure pr\u00e9ventive a \u00e9t\u00e9 avanc\u00e9e en raison des fortes chaleurs attendues dans certaines villes h\u00f4tes am\u00e9ricaines.<\/p>\n<p><strong>Plus de pauses pour mieux g\u00e9rer la chaleur<\/strong><\/p>\n<p>Seuls 5 des 16 stades retenus pour la prochaine <strong>Coupe du monde<\/strong> sont couverts et\/ou climatis\u00e9s, ce qui pousse les organisateurs \u00e0 chercher des solutions pour le confort des joueurs. Avec ces deux arr\u00eats par mi-temps, ils\u00a0esp\u00e8rent limiter les risques de d\u00e9shydratation et pr\u00e9server la sant\u00e9 des participants.<\/p>\n<p>Ce dispositif permettrait \u00e9galement de maintenir une performance physique optimale tout au long des rencontres.<\/p>\n<p>Sources\u00a0: SO FOOT, 20 Minutes\u00a0<\/p>\n<p>&gt; Tous nos articles sur le <a href=\"https:\/\/www.linfo.re\/tags\/football-13502\" target=\"_blank\" rel=\"noopener\"><strong>football<\/strong><\/a> sur Linfo.re\u00a0<\/p>\n","protected":false},"excerpt":{"rendered":"Pour faire face aux fortes chaleurs attendues lors de la Coupe du monde 2026 aux \u00c9tats-Unis, la FIFA&hellip;\n","protected":false},"author":2,"featured_media":262267,"comment_status":"","ping_status":"","sticky":false,"template":"","format":"standard","meta":{"footnotes":""},"categories":[1589],"tags":[47,11,451,73,1866,2269,63,1922,12,60,1864,1865,1863,308],"class_list":{"0":"post-262266","1":"post","2":"type-post","3":"status-publish","4":"format-standard","5":"has-post-thumbnail","7":"category-etats-unis","8":"tag-actualite","9":"tag-actualites","10":"tag-coupe-du-monde","11":"tag-etats-unis","12":"tag-etats-unis-damerique","13":"tag-fifa","14":"tag-football","15":"tag-info","16":"tag-news","17":"tag-sports","18":"tag-united-states","19":"tag-united-states-of-america","20":"tag-us","21":"tag-usa"},"share_on_mastodon":{"url":"https:\/\/pubeurope.com\/@fr\/114888561332996590","error":""},"_links":{"self":[{"href":"https:\/\/www.europesays.com\/fr\/wp-json\/wp\/v2\/posts\/262266","targetHints":{"allow":["GET"]}}],"collection":[{"href":"https:\/\/www.europesays.com\/fr\/wp-json\/wp\/v2\/posts"}],"about":[{"href":"https:\/\/www.europesays.com\/fr\/wp-json\/wp\/v2\/types\/post"}],"author":[{"embeddable":true,"href":"https:\/\/www.europesays.com\/fr\/wp-json\/wp\/v2\/users\/2"}],"replies":[{"embeddable":true,"href":"https:\/\/www.europesays.com\/fr\/wp-json\/wp\/v2\/comments?post=262266"}],"version-history":[{"count":0,"href":"https:\/\/www.europesays.com\/fr\/wp-json\/wp\/v2\/posts\/262266\/revisions"}],"wp:featuredmedia":[{"embeddable":true,"href":"https:\/\/www.europesays.com\/fr\/wp-json\/wp\/v2\/media\/262267"}],"wp:attachment":[{"href":"https:\/\/www.europesays.com\/fr\/wp-json\/wp\/v2\/media?parent=262266"}],"wp:term":[{"taxonomy":"category","embeddable":true,"href":"https:\/\/www.europesays.com\/fr\/wp-json\/wp\/v2\/categories?post=262266"},{"taxonomy":"post_tag","embeddable":true,"href":"https:\/\/www.europesays.com\/fr\/wp-json\/wp\/v2\/tags?post=262266"}],"curies":[{"name":"wp","href":"https:\/\/api.w.org\/{rel}","templated":true}]}}