{"id":262270,"date":"2025-07-21T01:12:11","date_gmt":"2025-07-21T01:12:11","guid":{"rendered":"https:\/\/www.europesays.com\/fr\/262270\/"},"modified":"2025-07-21T01:12:11","modified_gmt":"2025-07-21T01:12:11","slug":"euro-2025-france-allemagne-1-1-5-6-tab-les-notes-de-la-redaction-de-flashscore-france","status":"publish","type":"post","link":"https:\/\/www.europesays.com\/fr\/262270\/","title":{"rendered":"Euro 2025 : France-Allemagne (1-1, 5\/6 tab) : les notes de la r\u00e9daction de Flashscore France"},"content":{"rendered":"<p>La France \u00e9choue encore aux portes des demi-finales et se retrouve \u00e9limin\u00e9e par une \u00e9quipe allemande pourtant r\u00e9duite \u00e0 dix apr\u00e8s 13 minutes de jeu. Les notes de ce fiasco tricolore.<\/p>\n<p>Peyraud-Magnin (6) &#8211; De Almeida (6)\u00a0puis N&rsquo;Dongala (6), Mbock (6)\u00a0puis Sombath (6), Lakrar (5), <a href=\"https:\/\/www.flashscore.fr\/joueur\/bacha-selma\/bkET6rus\/\" target=\"_blank\" rel=\"nofollow noopener\">Bacha<\/a> (3) &#8211; Jean-Fran\u00e7ois (6), Geyoro (6) puis <a href=\"https:\/\/www.flashscore.fr\/joueur\/majri-amel\/U7DVIviM\/\" target=\"_blank\" rel=\"nofollow noopener\">Majri<\/a> (0), Karchaoui (7) &#8211; Cascarino (6) puis Malard (3), Katoto (4) puis Mat\u00e9o (3), Diani (5) puis Baltimore (3)<\/p>\n<p>Allemagne\u00a0<\/p>\n<p>Berger (9) &#8211; Hendrich (0), Minge (7), Knaak (6), Linder (non not\u00e9e) puis Kleinherne (7), Kett (7)\u00a0puis Cerci (-)\u00a0&#8211; N\u00fcsken (8), Senss (6) puis D\u00e4britz (-) &#8211; Brand (9) puis Dallmann (-), Hoffmann (8)\u00a0puis Sch\u00fcller (-), B\u00fchl (6)<\/p>\n<p>La MVP : Jule Brand<\/p>\n<p>Recrut\u00e9e cet \u00e9t\u00e9 par l&rsquo;OL Lyonnes \u00e0 l&rsquo;issue de son contrat avec <b>Wolfsburg<\/b>, la jeune attaquante allemande \u00e9tait tr\u00e8s attendue face \u00e0 la France. Et elle a \u00e9t\u00e9 plus qu&rsquo;\u00e0 la hauteur : pr\u00e9sente sur absolument chaque surface du terrain, elle a multipli\u00e9 les duels, en remportant 18 sur 34 provoqu\u00e9s, pris de vitesse la d\u00e9fense fran\u00e7aise et \u00e9t\u00e9 une menace sur le moindre ballon touch\u00e9. Un match de grande classe, que n&rsquo;est pas pr\u00eate d&rsquo;oublier <b>Selma Bacha<\/b>, qui sera sans doute contente de l&rsquo;avoir dans son \u00e9quipe plut\u00f4t que contre elle en septembre.<\/p>\n<p>La Patronne : Ann-Kathrin Berger<\/p>\n<p>Son d\u00e9but de comp\u00e9tition \u00e9tait catastrophique. Mais celle qui avait multipli\u00e9 les erreurs et relances hasardeuses face \u00e0 la <b><a href=\"https:\/\/www.flashscore.fr\/equipe\/suede\/hGWL8MmL\/\" target=\"_blank\" rel=\"nofollow noopener\">Su\u00e8de<\/a> <\/b>se retrouve ce soir dans une toute autre condition : celle de sauveuse. Auteure de l&rsquo;arr\u00eat salvateur devant les tirs au but d&rsquo;<b>Amel Majri<\/b> et <b>Alice Sombath<\/b>, c&rsquo;est aussi elle qui vient plusieurs fois s&rsquo;interposer devant des frappes tricolores pas assez bien plac\u00e9es ou devant une t\u00eate lob\u00e9e de <b>Janina Minge<\/b> qui a failli crucifier l&rsquo;Allemagne en prolongations. Un match pour rappeler son statut.<\/p>\n<p>La Bonne Surprise : Franziska Kett<\/p>\n<p>\u00c0 20 ans, la joueuse du <b>Bayern <\/b>avait la lourde t\u00e2che de contrer <b>Delphine Cascarino<\/b>, autrice d&rsquo;un festival contre les <a href=\"https:\/\/www.flashscore.fr\/equipe\/pays-bas\/Gb7JYPgA\/\" target=\"_blank\" rel=\"nofollow noopener\"><b>Pays-Bas<\/b><\/a> lors du dernier match de groupe. La lat\u00e9rale gauche a fait mieux que \u00e7a, dans des conditions encore plus compliqu\u00e9es apr\u00e8s l&rsquo;expulsion pr\u00e9coce de <b>Kathrin Hendrich<\/b>. Dans un contexte d\u00e9licat, elle a \u00e9t\u00e9 avertie \u00ab\u00a0seulement\u00a0\u00bb \u00e0 la 101e minute, pour une accumulation de petites fautes intelligentes qui ont cass\u00e9 le rythme.\u00a0<\/p>\n<p>Les D\u00e9ceptions : Selma Bacha et Amel Majri<\/p>\n<p>Si <b>Kathrin Hendrich<\/b>, 85 s\u00e9lections avec l&rsquo;Allemagne, a fait fort en commettant une faute intol\u00e9rable en tirant les cheveux de <b>Griedge Mbock<\/b>, Selma Bacha a, sur l&rsquo;ensemble du match, manqu\u00e9 d&rsquo;\u00e0 peu pr\u00e8s tout pour un match de ce niveau. Une constante dans cet Euro loup\u00e9 \u00e0 titre individuel. Absente dans les duels, autrice de choix discutables et d&rsquo;impr\u00e9cisions balle au pied, elle a provoqu\u00e9 un penalty immature qui aurait pu co\u00fbter l&rsquo;\u00e9limination dans le temps r\u00e9glementaire sans l&rsquo;intervention de <b>Pauline Peyraud-Magnin<\/b>. Elle n&rsquo;a pas particip\u00e9 \u00e0 la s\u00e9ance fatidique puisque l&rsquo;Allemagne \u00e9tant \u00e0 dix, la France devait s&rsquo;aligner aussi \u00e0 dix et elle a \u00ab\u00a0pris ses responsabilit\u00e9s\u00a0\u00bb en \u00e9tant la joueuse fran\u00e7aise \u00e0 se retirer, expliquera-t-elle ensuite.<\/p>\n<p>Entr\u00e9e en cours de match pour apporter son exp\u00e9rience, <b>Amel Majri<\/b> devait lancer la s\u00e9ance de tirs au but avec aplomb. Pourquoi a-t-elle r\u00e9alis\u00e9 une telle course d&rsquo;\u00e9lan, si incompr\u00e9hensible et in\u00e9dite \u00e0 un tel niveau ? Une vraie faute professionnelle. L&rsquo;all\u00e9gorie aussi d&rsquo;un coaching manqu\u00e9 de <b>Laurent Bonad\u00e9i<\/b>.\u00a0<\/p>\n","protected":false},"excerpt":{"rendered":"La France \u00e9choue encore aux portes des demi-finales et se retrouve \u00e9limin\u00e9e par une \u00e9quipe allemande pourtant r\u00e9duite&hellip;\n","protected":false},"author":2,"featured_media":262271,"comment_status":"","ping_status":"","sticky":false,"template":"","format":"standard","meta":{"footnotes":""},"categories":[1587],"tags":[11,672,1804,1805,1803,1777,674,1801,12,1802],"class_list":{"0":"post-262270","1":"post","2":"type-post","3":"status-publish","4":"format-standard","5":"has-post-thumbnail","7":"category-allemagne","8":"tag-actualites","9":"tag-allemagne","10":"tag-bundesrepublik-deutschland","11":"tag-de","12":"tag-deutschland","13":"tag-eu","14":"tag-europe","15":"tag-germany","16":"tag-news","17":"tag-republique-federale-dallemagne"},"share_on_mastodon":{"url":"https:\/\/pubeurope.com\/@fr\/114888569178857851","error":""},"_links":{"self":[{"href":"https:\/\/www.europesays.com\/fr\/wp-json\/wp\/v2\/posts\/262270","targetHints":{"allow":["GET"]}}],"collection":[{"href":"https:\/\/www.europesays.com\/fr\/wp-json\/wp\/v2\/posts"}],"about":[{"href":"https:\/\/www.europesays.com\/fr\/wp-json\/wp\/v2\/types\/post"}],"author":[{"embeddable":true,"href":"https:\/\/www.europesays.com\/fr\/wp-json\/wp\/v2\/users\/2"}],"replies":[{"embeddable":true,"href":"https:\/\/www.europesays.com\/fr\/wp-json\/wp\/v2\/comments?post=262270"}],"version-history":[{"count":0,"href":"https:\/\/www.europesays.com\/fr\/wp-json\/wp\/v2\/posts\/262270\/revisions"}],"wp:featuredmedia":[{"embeddable":true,"href":"https:\/\/www.europesays.com\/fr\/wp-json\/wp\/v2\/media\/262271"}],"wp:attachment":[{"href":"https:\/\/www.europesays.com\/fr\/wp-json\/wp\/v2\/media?parent=262270"}],"wp:term":[{"taxonomy":"category","embeddable":true,"href":"https:\/\/www.europesays.com\/fr\/wp-json\/wp\/v2\/categories?post=262270"},{"taxonomy":"post_tag","embeddable":true,"href":"https:\/\/www.europesays.com\/fr\/wp-json\/wp\/v2\/tags?post=262270"}],"curies":[{"name":"wp","href":"https:\/\/api.w.org\/{rel}","templated":true}]}}