{"id":262276,"date":"2025-07-21T01:15:14","date_gmt":"2025-07-21T01:15:14","guid":{"rendered":"https:\/\/www.europesays.com\/fr\/262276\/"},"modified":"2025-07-21T01:15:14","modified_gmt":"2025-07-21T01:15:14","slug":"ses-parents-mis-en-examen-a-beziers","status":"publish","type":"post","link":"https:\/\/www.europesays.com\/fr\/262276\/","title":{"rendered":"ses parents mis en examen \u00e0 B\u00e9ziers"},"content":{"rendered":"<p>Un b\u00e9b\u00e9 de quatre mois a \u00e9t\u00e9 test\u00e9 positif \u00e0 la coca\u00efne ce vendredi 18 juillet \u00e0 l&rsquo;h\u00f4pital de B\u00e9ziers, dans le d\u00e9partement de l&rsquo;H\u00e9rault, <a href=\"https:\/\/www.bfmtv.com\/police-justice\/info-bfmtv-un-bebe-de-4-mois-teste-positif-a-la-cocaine-a-beziers-ses-parents-mis-en-examen_AN-202507200199.html\" target=\"_blank\" rel=\"noopener\">relate BFMTV<\/a>.\u00a0<\/p>\n<p>L&rsquo;enfant avait \u00e9t\u00e9 amen\u00e9 par ses parents pour des blessures n\u00e9cessitant un examen m\u00e9dical. Alors que les m\u00e9decins s&rsquo;appr\u00eataient \u00e0 ausculter le nourrisson, le p\u00e8re aurait tent\u00e9 de fuir les lieux avec l&rsquo;enfant.<\/p>\n<p>Connus pour leur toxicomanie<\/p>\n<p>Le b\u00e9b\u00e9 a finalement pu \u00eatre examin\u00e9, r\u00e9v\u00e9lant la pr\u00e9sence de coca\u00efne dans son organisme. \u00c0 ce stade, les circonstances exactes de l&rsquo;absorption restent inconnues.<\/p>\n<p>Selon le m\u00e9dia, le couple &#8211; connu pour sa toxicomanie &#8211; a imm\u00e9diatement \u00e9t\u00e9 plac\u00e9 en garde \u00e0 vue. \u00c0 l&rsquo;issue de celle-ci, les deux parents ont \u00e9t\u00e9 mis en examen. Le p\u00e8re a \u00e9t\u00e9 plac\u00e9 en d\u00e9tention provisoire, tandis que la m\u00e8re a \u00e9t\u00e9 plac\u00e9e sous contr\u00f4le judiciaire, avec interdiction d&rsquo;entrer en contact avec son enfant.<\/p>\n<p>Le nourrisson a \u00e9t\u00e9 confi\u00e9 \u00e0 l&rsquo;Aide Sociale \u00e0 l&rsquo;Enfance (ASE). Une information judiciaire a \u00e9t\u00e9 ouverte afin d&rsquo;\u00e9claircir les conditions dans lesquelles le b\u00e9b\u00e9 a pu \u00eatre expos\u00e9 \u00e0 cette substance.<\/p>\n","protected":false},"excerpt":{"rendered":"Un b\u00e9b\u00e9 de quatre mois a \u00e9t\u00e9 test\u00e9 positif \u00e0 la coca\u00efne ce vendredi 18 juillet \u00e0 l&rsquo;h\u00f4pital&hellip;\n","protected":false},"author":2,"featured_media":262277,"comment_status":"","ping_status":"","sticky":false,"template":"","format":"standard","meta":{"footnotes":""},"categories":[2],"tags":[17,11,3493,3993,274,1011,27,2561,12,3306,38054,25,2407,4104],"class_list":{"0":"post-262276","1":"post","2":"type-post","3":"status-publish","4":"format-standard","5":"has-post-thumbnail","7":"category-actualites","8":"tag-17","9":"tag-actualites","10":"tag-bebe","11":"tag-cocaine","12":"tag-faits-divers-justice","13":"tag-fr","14":"tag-france","15":"tag-mois","16":"tag-news","17":"tag-parents","18":"tag-positif","19":"tag-republique-francaise","20":"tag-ses","21":"tag-teste"},"share_on_mastodon":{"url":"https:\/\/pubeurope.com\/@fr\/114888581043183910","error":""},"_links":{"self":[{"href":"https:\/\/www.europesays.com\/fr\/wp-json\/wp\/v2\/posts\/262276","targetHints":{"allow":["GET"]}}],"collection":[{"href":"https:\/\/www.europesays.com\/fr\/wp-json\/wp\/v2\/posts"}],"about":[{"href":"https:\/\/www.europesays.com\/fr\/wp-json\/wp\/v2\/types\/post"}],"author":[{"embeddable":true,"href":"https:\/\/www.europesays.com\/fr\/wp-json\/wp\/v2\/users\/2"}],"replies":[{"embeddable":true,"href":"https:\/\/www.europesays.com\/fr\/wp-json\/wp\/v2\/comments?post=262276"}],"version-history":[{"count":0,"href":"https:\/\/www.europesays.com\/fr\/wp-json\/wp\/v2\/posts\/262276\/revisions"}],"wp:featuredmedia":[{"embeddable":true,"href":"https:\/\/www.europesays.com\/fr\/wp-json\/wp\/v2\/media\/262277"}],"wp:attachment":[{"href":"https:\/\/www.europesays.com\/fr\/wp-json\/wp\/v2\/media?parent=262276"}],"wp:term":[{"taxonomy":"category","embeddable":true,"href":"https:\/\/www.europesays.com\/fr\/wp-json\/wp\/v2\/categories?post=262276"},{"taxonomy":"post_tag","embeddable":true,"href":"https:\/\/www.europesays.com\/fr\/wp-json\/wp\/v2\/tags?post=262276"}],"curies":[{"name":"wp","href":"https:\/\/api.w.org\/{rel}","templated":true}]}}