{"id":262282,"date":"2025-07-21T01:18:22","date_gmt":"2025-07-21T01:18:22","guid":{"rendered":"https:\/\/www.europesays.com\/fr\/262282\/"},"modified":"2025-07-21T01:18:22","modified_gmt":"2025-07-21T01:18:22","slug":"quesne-et-charmasson-aux-portes-du-top-5-cinquieme-succes-pour-jc-ritchie","status":"publish","type":"post","link":"https:\/\/www.europesays.com\/fr\/262282\/","title":{"rendered":"Quesne et Charmasson aux portes du top 5, cinqui\u00e8me succ\u00e8s pour JC Ritchie"},"content":{"rendered":"<p>\t\t\t\t\t\t<img width=\"770\" height=\"557\" src=\"https:\/\/www.europesays.com\/fr\/wp-content\/uploads\/2025\/07\/jcritchie-770x557.jpeg\" class=\"img-responsive wp-post-image\" alt=\"\" decoding=\"async\" fetchpriority=\"high\"  \/>\t\t\t\t\t<\/p>\n<p>\t\t\t\t\t\t Partager cet article <\/p>\n<p class=\"screen-reader-text juiz_sps_maybe_hidden_text\">Partager la publication \u00ab\u00a0Quesne et Charmasson aux portes du top 5, cinqui\u00e8me succ\u00e8s pour JC Ritchie\u00a0\u00bb<\/p>\n<p><strong>JC Ritchie (photo) n\u2019a pas fait de d\u00e9tails en Allemagne cette semaine, l\u2019emportant au German Challenge avec un score total tr\u00e8s confortable de -24 (264), soit huit coups d\u2019avance sur les Anglais Joshua Berry et Tom Lewis. Encore en position de l\u2019emporter apr\u00e8s 54 trous, Julien Quesne prend la 6e place \u00e0 -14 (274) en compagnie de Cl\u00e9ment Charmasson, qui conforte sa position au sein du top 12 de la Road to Mallorca.\u00a0<\/strong><\/p>\n<p>\t\t\t\t\t<a id=\"178042\" href=\"https:\/\/leclub-golf.com\/fr\/actualites\/team-sud-ouest-vs-team-sud-est-le-duel-de-lete?utm_source=golf+planete&amp;utm_medium=referral&amp;utm_campaign=team+sud&amp;utm_id=team+sud_golf+planete_referral_banner\" target=\"_blank\" rel=\"sponsorised nofollow noopener\"><img decoding=\"async\" src=\"data:image\/svg+xml,%3Csvg%20xmlns=\" http:=\"\" class=\"img-responsive\" alt=\"\" data-lazy-src=\"https:\/\/www.europesays.com\/fr\/wp-content\/uploads\/2025\/07\/leclubgolf-e08-duel-teams-1170x275-1.png\"\/><\/a><\/p>\n<p>Il n\u2019y a pas franchement eu de \u00ab\u00a0match\u00a0\u00bb ce week-end au <strong>Wittelsbacher Golfclub<\/strong>, \u00e0 Neuburg an der Donau. D\u00e9j\u00e0 confortable leader samedi soir avec son 65 (-7) du jour et un score de -18, soit cinq coups d\u2019avance sur le Danois <strong>Jeppe Kristin Andersen<\/strong>, <strong>JC Ritchie<\/strong> a enfonc\u00e9 le clou ce dimanche avec son 66 (-6) fort notamment d\u2019un eagle et de cinq birdies (pour un seul bogey).\u00a0<\/p>\n<p><a href=\"https:\/\/www.europeantour.com\/hotelplanner-tour\/german-challenge-powered-by-vcg-2025\/leaderboard\" target=\"_blank\" rel=\"noopener nofollow\">Retrouvez le classement complet<\/a><\/p>\n<p>Le Sud-Africain laisse ainsi ses premiers poursuivants, les Anglais <strong>Joshua Berry<\/strong> et <strong>Tom Lewis<\/strong>, \u00e0 huit longueurs derri\u00e8re et s\u2019offre du m\u00eame coup sa 5e victoire sur l\u2019<strong>HotelPlanner Tour<\/strong> (ex Challenge Tour), la premi\u00e8re hors d\u2019Afrique du Sud. A 31 ans, il prend surtout une tr\u00e8s s\u00e9rieuse option pour grimper sur le <strong>DP World Tour<\/strong> en 2026 puisqu\u2019il pointe d\u00e9sormais \u00e0 <a href=\"https:\/\/www.europeantour.com\/hotelplanner-tour\/rankings\/overview\/rankings\/\" target=\"_blank\" rel=\"noopener nofollow\">la 2e place de la Road to Mallorca<\/a> avec 858,86 points.\u00a0<\/p>\n<p>\t\t\t\t<img loading=\"lazy\" decoding=\"async\" src=\"data:image\/svg+xml,%3Csvg%20xmlns=\" http:=\"\" attributionsrc=\"\" border=\"0\" height=\"1\" width=\"1\" alt=\"Advertisement\" data-lazy-src=\"https:\/\/www.europesays.com\/fr\/wp-content\/uploads\/2025\/06\/B33661776.421948095;dc_trk_aid=614321628;dc_trk_cid=235413172;ord=[timestamp];dc_lat=;dc_rdid=;tag_f.gif\"\/><\/p>\n<p>\t\t\t\t\t<a id=\"174697\" href=\"https:\/\/ad.doubleclick.net\/ddm\/trackclk\/N6600.3770024GOLFPLANATE\/B33661776.421948095;dc_trk_aid=614321628;dc_trk_cid=235413172;dc_lat=;dc_rdid=;tag_for_child_directed_treatment=;tfua=;gdpr=${GDPR};gdpr_consent=${GDPR_CONSENT_755};ltd=;dc_tdv=1\" target=\"_blank\" rel=\"sponsorised nofollow noopener\"><img decoding=\"async\" src=\"data:image\/svg+xml,%3Csvg%20xmlns=\" http:=\"\" class=\"img-responsive\" alt=\"\" data-lazy-src=\"https:\/\/www.europesays.com\/fr\/wp-content\/uploads\/2025\/06\/amundi-e01-retraite-2506-1170x275-1.jpg\"\/><\/a><\/p>\n<blockquote class=\"twitter-tweet\">\n<p dir=\"ltr\" lang=\"en\">The moment JC Ritchie returned to the winner\u2019s circle, doing so with an emphatic eight shot victory \ud83c\udfa5<a href=\"https:\/\/twitter.com\/hashtag\/GermanChallenge?src=hash&amp;ref_src=twsrc%5Etfw\" rel=\"nofollow noopener\" target=\"_blank\">#GermanChallenge<\/a> <a href=\"https:\/\/t.co\/dEKNsob2O0\" rel=\"nofollow\">pic.twitter.com\/dEKNsob2O0<\/a><\/p>\n<p>\u2014 HotelPlanner Tour (@HPlanner_Tour) <a href=\"https:\/\/twitter.com\/HPlanner_Tour\/status\/1946931440739840197?ref_src=twsrc%5Etfw\" rel=\"nofollow noopener\" target=\"_blank\">July 20, 2025<\/a><\/p>\n<\/blockquote>\n<p>\t\t\t\t\t<a id=\"178050\" href=\"https:\/\/www.eurogolf.fr\" target=\"_blank\" rel=\"sponsorised nofollow noopener\"><img decoding=\"async\" src=\"data:image\/svg+xml,%3Csvg%20xmlns=\" http:=\"\" class=\"img-responsive\" alt=\"\" data-lazy-src=\"https:\/\/www.europesays.com\/fr\/wp-content\/uploads\/2025\/07\/eurogolf-e02-soldes-ete-1170x275-1.jpeg\"\/><\/a><\/p>\n<p>Grand animateur de ce <strong>German Challenge<\/strong> \u2013 il \u00e9tait en t\u00eate apr\u00e8s 18 trous \u2013 <strong>Julien Quesne<\/strong> prouve une fois encore qu\u2019il est bien sur le retour, malgr\u00e9 ses 44 ans. Le double vainqueur sur le Tour europ\u00e9en prend en effet la 6e place du tournoi \u00e0 -14 avec une ultime carte de 70 (-2), en compagnie de <strong>Cl\u00e9ment Charmasson<\/strong>, 69 (-3) ce dimanche. Le Toulousain qui en profite pour gagner une place \u00e0 la Road : 11e.\u00a0<\/p>\n<p>Auteur d\u2019un 71 (-1), <strong>Oihan Guillamoundeguy<\/strong> finit \u00e0 la 11e place \u00e0 -12 (276) devant <strong>Romain Wattel<\/strong>, 16e \u00e0 -11 (277), et <strong>Robin Sciot-Siegrist<\/strong>, 18e \u00e0 -10 (278). Plus loin, on retrouve <strong>F\u00e9lix Mory<\/strong> (33e \u00e0 -8), <strong>Bastien Amat<\/strong> (38e \u00e0 -7) et <strong>Damien Perrier<\/strong> (53e \u00e0 -3).\u00a0<\/p>\n<p>Prochain rendez-vous sur l\u2019HotelPlanner Tour, le <strong>Farmfoods Scottish Challenge<\/strong>, programm\u00e9 du 31 juillet au 3 ao\u00fbt.\u00a0<\/p>\n<p>\t\t\t\t\t<a id=\"175272\" href=\"https:\/\/www.omegaeuropeanmasters.com\/fr\/tickets\/tickets\" target=\"_blank\" rel=\"sponsorised nofollow noopener\"><img decoding=\"async\" src=\"data:image\/svg+xml,%3Csvg%20xmlns=\" http:=\"\" class=\"img-responsive\" alt=\"\" data-lazy-src=\"https:\/\/www.europesays.com\/fr\/wp-content\/uploads\/2025\/06\/omegamasters-e01-billetterie-proam-1170x275-1.jpg\"\/><\/a><br \/>\nLe leaderboard<\/p>\n<p><img loading=\"lazy\" decoding=\"async\" class=\"alignnone wp-image-180408 size-large\" src=\"data:image\/svg+xml,%3Csvg%20xmlns=\" http:=\"\" alt=\"\" width=\"770\" height=\"403\" data-lazy- data-lazy- data-lazy-src=\"https:\/\/www.europesays.com\/fr\/wp-content\/uploads\/2025\/07\/capture1ch-1-770x403.jpg\"\/><\/p>\n<p>\t\t\t\t\t<a id=\"174716\" href=\"https:\/\/www.golf-consulting.fr\/\" target=\"_blank\" rel=\"sponsorised nofollow noopener\"><img decoding=\"async\" src=\"data:image\/svg+xml,%3Csvg%20xmlns=\" http:=\"\" class=\"img-responsive\" alt=\"\" data-lazy-src=\"https:\/\/www.europesays.com\/fr\/wp-content\/uploads\/2025\/06\/golfconsulting-e01-proam-barnes-25-1170x275-1.jpg\"\/><\/a><br \/>\nLe leaderboard des autres Fran\u00e7ais<\/p>\n<p><img loading=\"lazy\" decoding=\"async\" class=\"alignnone wp-image-180409 size-large\" src=\"data:image\/svg+xml,%3Csvg%20xmlns=\" http:=\"\" alt=\"\" width=\"770\" height=\"397\" data-lazy- data-lazy- data-lazy-src=\"https:\/\/www.europesays.com\/fr\/wp-content\/uploads\/2025\/07\/capture2ch-1-770x397.jpg\"\/><\/p>\n<p>\t\t\t\t\t<a id=\"179385\" href=\"https:\/\/tickets.europeantour.com\/eut\/#\/c6906933-bb43-434b-a22d-0ae172a572d4\/shop\/custom-pack?fac=EUT&amp;locale=fr&amp;skin=pgaetodf&amp;utm_campaign=ODF&amp;utm_content=Ticketing&amp;utm_medium=Web&amp;utm_source=Partner&amp;utm_term=PavonGolfPlanete\" target=\"_blank\" rel=\"sponsorised nofollow noopener\"><img decoding=\"async\" src=\"data:image\/svg+xml,%3Csvg%20xmlns=\" http:=\"\" class=\"img-responsive\" alt=\"\" data-lazy-src=\"https:\/\/www.europesays.com\/fr\/wp-content\/uploads\/2025\/07\/opendefrance-e03-plateau-1407-1170x275-1.jpg\"\/><\/a><\/p>\n<p>Photo :\u00a0<\/p>\n<p>\t\t\t<script async src=\"https:\/\/platform.twitter.com\/widgets.js\" charset=\"utf-8\"><\/script><\/p>\n","protected":false},"excerpt":{"rendered":"Partager cet article Partager la publication \u00ab\u00a0Quesne et Charmasson aux portes du top 5, cinqui\u00e8me succ\u00e8s pour JC&hellip;\n","protected":false},"author":2,"featured_media":262283,"comment_status":"","ping_status":"","sticky":false,"template":"","format":"standard","meta":{"footnotes":""},"categories":[1418],"tags":[1011,27,1472,60],"class_list":{"0":"post-262282","1":"post","2":"type-post","3":"status-publish","4":"format-standard","5":"has-post-thumbnail","7":"category-golf","8":"tag-fr","9":"tag-france","10":"tag-golf","11":"tag-sports"},"share_on_mastodon":{"url":"https:\/\/pubeurope.com\/@fr\/114888593520903915","error":""},"_links":{"self":[{"href":"https:\/\/www.europesays.com\/fr\/wp-json\/wp\/v2\/posts\/262282","targetHints":{"allow":["GET"]}}],"collection":[{"href":"https:\/\/www.europesays.com\/fr\/wp-json\/wp\/v2\/posts"}],"about":[{"href":"https:\/\/www.europesays.com\/fr\/wp-json\/wp\/v2\/types\/post"}],"author":[{"embeddable":true,"href":"https:\/\/www.europesays.com\/fr\/wp-json\/wp\/v2\/users\/2"}],"replies":[{"embeddable":true,"href":"https:\/\/www.europesays.com\/fr\/wp-json\/wp\/v2\/comments?post=262282"}],"version-history":[{"count":0,"href":"https:\/\/www.europesays.com\/fr\/wp-json\/wp\/v2\/posts\/262282\/revisions"}],"wp:featuredmedia":[{"embeddable":true,"href":"https:\/\/www.europesays.com\/fr\/wp-json\/wp\/v2\/media\/262283"}],"wp:attachment":[{"href":"https:\/\/www.europesays.com\/fr\/wp-json\/wp\/v2\/media?parent=262282"}],"wp:term":[{"taxonomy":"category","embeddable":true,"href":"https:\/\/www.europesays.com\/fr\/wp-json\/wp\/v2\/categories?post=262282"},{"taxonomy":"post_tag","embeddable":true,"href":"https:\/\/www.europesays.com\/fr\/wp-json\/wp\/v2\/tags?post=262282"}],"curies":[{"name":"wp","href":"https:\/\/api.w.org\/{rel}","templated":true}]}}