{"id":262286,"date":"2025-07-21T01:21:14","date_gmt":"2025-07-21T01:21:14","guid":{"rendered":"https:\/\/www.europesays.com\/fr\/262286\/"},"modified":"2025-07-21T01:21:14","modified_gmt":"2025-07-21T01:21:14","slug":"mariage-dune-ancienne-numero-1-francaise-de-tennis-alize-cornet-filme-les-festivites","status":"publish","type":"post","link":"https:\/\/www.europesays.com\/fr\/262286\/","title":{"rendered":"Mariage d&rsquo;une ancienne num\u00e9ro 1 fran\u00e7aise de tennis, Aliz\u00e9 Cornet filme les festivit\u00e9s"},"content":{"rendered":"<p>            <img loading=\"lazy\" decoding=\"async\" src=\"https:\/\/www.europesays.com\/fr\/wp-content\/uploads\/2025\/04\/49-60dc2c1e154d9-35x35-1.jpg\" class=\"author-article-picture\" width=\"35\" height=\"35\"\/><\/p>\n<p>                Par<br \/>\n                                    <a class=\"author-article-bio-link\" href=\"https:\/\/www.purepeople.com\/auteur\/anouchka-volkov_a49\" rel=\"nofollow noopener\" target=\"_blank\">Anouchka Volkov<\/a><br \/>\n                                                    | R\u00e9dactrice<\/p>\n<p>\n                Anouchka m\u00e8ne l\u2019enqu\u00eate pour d\u00e9nicher et trouver tous les scoops li\u00e9s aux stars.\n            <\/p>\n<p>\n    Elle a remport\u00e9 trois tournois de cat\u00e9gorie WTA 1000, \u00e0 Wuhan puis \u00e0 P\u00e9kin en 2017, ainsi qu&rsquo;\u00e0 Cincinnati en 2022. Une tenniswoman fran\u00e7aise a dit \u00ab\u00a0oui\u00a0\u00bb ce week-end \u00e0 son fianc\u00e9. Une c\u00e9r\u00e9monie \u00ab\u00a0magique\u00a0\u00bb.\n<\/p>\n<p>                            <img loading=\"lazy\" decoding=\"async\" class=\"player-thumbnail\" src=\"https:\/\/www.europesays.com\/fr\/wp-content\/uploads\/2025\/07\/e0592840c36d838a-580x326-2.png\" width=\"580\" height=\"326\"\/><\/p>\n<p>                    Mariage d&rsquo;une ancienne num\u00e9ro 1 fran\u00e7aise de tennis, Aliz\u00e9 Cornet filme les festivit\u00e9s<\/p>\n<p>La suite apr\u00e8s la publicit\u00e9<\/p>\n<p><a href=\"https:\/\/www.purepeople.com\/article\/caroline-garcia-en-couple-la-joueuse-s-affiche-main-dans-la-main-avec-un-beau-brun-venu-d-espagne_a517537\/1\" rel=\"nofollow noopener\" target=\"_blank\">Caroline Garcia<\/a> s&rsquo;est mari\u00e9e ! Sur Instagram, l&rsquo;ancienne num\u00e9ro 1 de tennis a d\u00e9voil\u00e9 plusieurs vid\u00e9os de son mariage o\u00f9 l&rsquo;on voit ainsi son entr\u00e9e avec son \u00e9poux <a href=\"https:\/\/www.purepeople.com\/article\/caroline-garcia-bientot-mariee-annonce-en-photos-et-sublime-bague-la-sportive-sort-le-grand-jeu_a524143\/1\" rel=\"nofollow noopener\" target=\"_blank\">Borja Dura\u0301n<\/a> ainsi que les nombreux invit\u00e9s. Il y a presque un an, en juin, elle avait annonc\u00e9 leurs fian\u00e7ailles. Les premi\u00e8res vid\u00e9os montrent les mari\u00e9s sortant de l&rsquo;\u00e9glise et dansant avec leurs proches.\u00a0<\/p>\n<p>On d\u00e9couvre \u00e9galement le couple dans une voiture vintage les conduisant vers leur lieu de r\u00e9ception, o\u00f9 ils ont partag\u00e9 leur toute premi\u00e8re danse en tant que mari\u00e9s. Pour le plus beau jour de sa vie,<strong> la sportive de 31 ans porte une robe longue \u00e0 col licou et \u00e9tait coiff\u00e9e avec un chignon. <\/strong>De son c\u00f4t\u00e9, le mari\u00e9 portait un tr\u00e8s \u00e9l\u00e9gant costume queue de pie. Parmi les invit\u00e9s, la joueuse de tennis Aliz\u00e9 Cornet \u00e9tait pr\u00e9sente. \u00ab\u00a0<strong>C&rsquo;\u00e9tait juste magique<\/strong>\u00ab\u00a0, a-t-elle \u00e9crit en l\u00e9gende d&rsquo;une vid\u00e9o de la c\u00e9r\u00e9monie.<\/p>\n<p>Qui est son \u00e9poux, Borja Dura\u0301n ?<\/p>\n<p>Professeur associ\u00e9 \u00e0 l&rsquo;Universit\u00e9 de Barcelone, il se sp\u00e9cialise dans le commerce \u00e9lectronique et le marketing. En 2014, il a fait du b\u00e9n\u00e9volat avec une ONG en Tanzanie pour enseigner aux enfants locaux. Ensemble le couple est <a href=\"https:\/\/www.purepeople.com\/article\/caroline-garcia-annonce-etre-en-couple_a517084\/1\" rel=\"nofollow noopener\" target=\"_blank\">parti en Antarctique<\/a> lors d&rsquo;un voyage inoubliable. Borja Dura\u0301n a aussi \u00e9t\u00e9 aux c\u00f4t\u00e9s de Caroline Garcia sur le court. L&rsquo;ann\u00e9e derni\u00e8re, il a \u00e9t\u00e9 ainsi <a href=\"https:\/\/www.purepeople.com\/article\/reperes-a-roland-garros-caroline-garcia-avec-son-amoureux-borja-qu-on-ne-voit-presque-jamais-pour-soutenir-alize-cornet_a523620\/1\" rel=\"nofollow noopener\" target=\"_blank\">vu dans les tribunes<\/a>, l&rsquo;encourageant \u00e0 Indian Wells et \u00e0 l&rsquo;Open de Miami.<\/p>\n<p>Plus t\u00f4t cette ann\u00e9e en mai, avant le tournoi de Roland-Garros, <a href=\"https:\/\/www.purepeople.com\/article\/caroline-garcia-eliminee-a-l-us-open-et-touchee-par-un-deuil-familial-la-francaise-prend-une-decision-difficile_a513358\/1\" rel=\"nofollow noopener\" target=\"_blank\">Caroline Garcia a confirm\u00e9 prendre sa retraite sportive<\/a>. En raison de blessures persistantes, il lui \u00e9tait devenu impossible de donner le meilleur d&rsquo;elle-m\u00eame et de continuer \u00e0 concourir de mani\u00e8re r\u00e9guli\u00e8re. \u00ab\u00a0Cher Tennis, Il est temps de dire au revoir. Apr\u00e8s 15 ans de comp\u00e9tition au plus haut niveau \u2013 et plus de 25 ans \u00e0 consacrer presque chaque seconde de ma vie \u00e0 ce sport \u2013 je me sens pr\u00eate \u00e0 tourner la page et \u00e0 ouvrir un nouveau chapitre\u00a0\u00bb, a-t-elle annonc\u00e9.\u00a0<\/p>\n<p>La plus probable, et derni\u00e8re, apparition de Caroline Garcia pourrait avoir lieu \u00e0 l&rsquo;US Open\u2014le seul Grand Chelem o\u00f9 elle a atteint les demi-finales. En 2022, elle avait battu la star am\u00e9ricaine Coco Gauff en quart de finale mais avait rat\u00e9 la finale apr\u00e8s avoir perdu contre Ons Jabeur.\u00a0<\/p>\n","protected":false},"excerpt":{"rendered":"Par Anouchka Volkov | R\u00e9dactrice Anouchka m\u00e8ne l\u2019enqu\u00eate pour d\u00e9nicher et trouver tous les scoops li\u00e9s aux stars.&hellip;\n","protected":false},"author":2,"featured_media":262287,"comment_status":"","ping_status":"","sticky":false,"template":"","format":"standard","meta":{"footnotes":""},"categories":[1415],"tags":[1011,27,60,1467],"class_list":{"0":"post-262286","1":"post","2":"type-post","3":"status-publish","4":"format-standard","5":"has-post-thumbnail","7":"category-tennis","8":"tag-fr","9":"tag-france","10":"tag-sports","11":"tag-tennis"},"share_on_mastodon":{"url":"https:\/\/pubeurope.com\/@fr\/114888604686532281","error":""},"_links":{"self":[{"href":"https:\/\/www.europesays.com\/fr\/wp-json\/wp\/v2\/posts\/262286","targetHints":{"allow":["GET"]}}],"collection":[{"href":"https:\/\/www.europesays.com\/fr\/wp-json\/wp\/v2\/posts"}],"about":[{"href":"https:\/\/www.europesays.com\/fr\/wp-json\/wp\/v2\/types\/post"}],"author":[{"embeddable":true,"href":"https:\/\/www.europesays.com\/fr\/wp-json\/wp\/v2\/users\/2"}],"replies":[{"embeddable":true,"href":"https:\/\/www.europesays.com\/fr\/wp-json\/wp\/v2\/comments?post=262286"}],"version-history":[{"count":0,"href":"https:\/\/www.europesays.com\/fr\/wp-json\/wp\/v2\/posts\/262286\/revisions"}],"wp:featuredmedia":[{"embeddable":true,"href":"https:\/\/www.europesays.com\/fr\/wp-json\/wp\/v2\/media\/262287"}],"wp:attachment":[{"href":"https:\/\/www.europesays.com\/fr\/wp-json\/wp\/v2\/media?parent=262286"}],"wp:term":[{"taxonomy":"category","embeddable":true,"href":"https:\/\/www.europesays.com\/fr\/wp-json\/wp\/v2\/categories?post=262286"},{"taxonomy":"post_tag","embeddable":true,"href":"https:\/\/www.europesays.com\/fr\/wp-json\/wp\/v2\/tags?post=262286"}],"curies":[{"name":"wp","href":"https:\/\/api.w.org\/{rel}","templated":true}]}}