{"id":262288,"date":"2025-07-21T01:23:09","date_gmt":"2025-07-21T01:23:09","guid":{"rendered":"https:\/\/www.europesays.com\/fr\/262288\/"},"modified":"2025-07-21T01:23:09","modified_gmt":"2025-07-21T01:23:09","slug":"penalite-pour-marquez-au-prochain-gp","status":"publish","type":"post","link":"https:\/\/www.europesays.com\/fr\/262288\/","title":{"rendered":"P\u00e9nalit\u00e9 pour Marquez au prochain GP"},"content":{"rendered":"<p>&#13;<\/p>\n<p><strong>Tomb\u00e9 au d\u00e9but du Grand Prix de Tch\u00e9quie, Alex Marquez a emport\u00e9 avec lui son compatriote Joan Mir. Un incident qui lui vaudra d&rsquo;\u00eatre p\u00e9nalis\u00e9 lors de sa prochaine course.<\/strong><\/p>\n<p>La Direction de course a en effet inflig\u00e9 un Long Lap \u00e0 Alex Marquez. Sauf absence, il le fera lors du prochain Grand Prix en Autriche, \u00e0 Spielberg, lors de la course du 17 ao\u00fbt.<\/p>\n<p>Interrog\u00e9 apr\u00e8s la course, le pilote Gresini a reconnu avoir fait une erreur mais affirme qu&rsquo;il ne souhaitait pas d\u00e9passer Joan Mir. Il souhaitait jauger de s&rsquo;il y avait une possibilit\u00e9 de d\u00e9passer \u00e0 cet endroit.<\/p>\n<p>Sans point ce week-end, Alex Marquez est toujours deuxi\u00e8me du championnat du monde MotoGP mais il accuse d\u00e9sormais 120 points de retard sur le leader, Marc Marquez. Trop pour croire encore au titre, estime le n\u00b073.<\/p>\n<p>&#13;<br \/>\n           &#13;<br \/>\n&#13;<br \/>\n    &#13;<br \/>\n    &#13;<\/p>\n","protected":false},"excerpt":{"rendered":"&#13; Tomb\u00e9 au d\u00e9but du Grand Prix de Tch\u00e9quie, Alex Marquez a emport\u00e9 avec lui son compatriote Joan&hellip;\n","protected":false},"author":2,"featured_media":262289,"comment_status":"","ping_status":"","sticky":false,"template":"","format":"standard","meta":{"footnotes":""},"categories":[1413],"tags":[1011,27,1457,1456,60],"class_list":{"0":"post-262288","1":"post","2":"type-post","3":"status-publish","4":"format-standard","5":"has-post-thumbnail","7":"category-moto","8":"tag-fr","9":"tag-france","10":"tag-moto","11":"tag-motocycle","12":"tag-sports"},"share_on_mastodon":{"url":"https:\/\/pubeurope.com\/@fr\/114888612429758539","error":""},"_links":{"self":[{"href":"https:\/\/www.europesays.com\/fr\/wp-json\/wp\/v2\/posts\/262288","targetHints":{"allow":["GET"]}}],"collection":[{"href":"https:\/\/www.europesays.com\/fr\/wp-json\/wp\/v2\/posts"}],"about":[{"href":"https:\/\/www.europesays.com\/fr\/wp-json\/wp\/v2\/types\/post"}],"author":[{"embeddable":true,"href":"https:\/\/www.europesays.com\/fr\/wp-json\/wp\/v2\/users\/2"}],"replies":[{"embeddable":true,"href":"https:\/\/www.europesays.com\/fr\/wp-json\/wp\/v2\/comments?post=262288"}],"version-history":[{"count":0,"href":"https:\/\/www.europesays.com\/fr\/wp-json\/wp\/v2\/posts\/262288\/revisions"}],"wp:featuredmedia":[{"embeddable":true,"href":"https:\/\/www.europesays.com\/fr\/wp-json\/wp\/v2\/media\/262289"}],"wp:attachment":[{"href":"https:\/\/www.europesays.com\/fr\/wp-json\/wp\/v2\/media?parent=262288"}],"wp:term":[{"taxonomy":"category","embeddable":true,"href":"https:\/\/www.europesays.com\/fr\/wp-json\/wp\/v2\/categories?post=262288"},{"taxonomy":"post_tag","embeddable":true,"href":"https:\/\/www.europesays.com\/fr\/wp-json\/wp\/v2\/tags?post=262288"}],"curies":[{"name":"wp","href":"https:\/\/api.w.org\/{rel}","templated":true}]}}