{"id":262298,"date":"2025-07-21T01:28:36","date_gmt":"2025-07-21T01:28:36","guid":{"rendered":"https:\/\/www.europesays.com\/fr\/262298\/"},"modified":"2025-07-21T01:28:36","modified_gmt":"2025-07-21T01:28:36","slug":"deux-expositions-nous-plongent-dans-les-annees-20-pour-le-centenaire-de-lart-deco","status":"publish","type":"post","link":"https:\/\/www.europesays.com\/fr\/262298\/","title":{"rendered":"deux expositions nous plongent dans les ann\u00e9es 20 pour le centenaire de l&rsquo;Art d\u00e9co"},"content":{"rendered":"<p class=\"article__intro\">Deux expositions simultan\u00e9es et compl\u00e9mentaires ont lieu \u00e0 Saint-Quentin, pour le centenaire de la p\u00e9riode art d\u00e9co. De nombreux accessoires et objets de collections publiques et priv\u00e9es sont visibles jusqu&rsquo;au 21 septembre, l&rsquo;occasion de faire un voyage 100\u00a0ans en arri\u00e8re.<\/p>\n<p>\n      L\u2019actu des r\u00e9gions\n    <\/p>\n<p>\n      Chaque jour, un tour d\u2019horizon des principales infos de toutes les r\u00e9gions.\n    <\/p>\n<p>    France T\u00e9l\u00e9visions utilise votre adresse e-mail afin de vous envoyer la newsletter \u00ab\u00a0L\u2019actu des r\u00e9gions\u00a0\u00bb. Vous pouvez vous d\u00e9sinscrire \u00e0 tout moment via le lien en bas de cette newsletter. <a target=\"_blank\" href=\"https:\/\/www.francetelevisions.fr\/groupe\/confidentialite\/politique-de-confidentialite\/politique-de-confidentialite-de-france-televisions-6503\" rel=\"nofollow noopener\">Notre politique de confidentialit\u00e9<\/a><\/p>\n<p>Articles de mode, accessoires, mobilier, d\u00e9coration de collections publiques et priv\u00e9es&#8230; Tout au long de l&rsquo;\u00e9t\u00e9, deux expositions sur le centenaire de l&rsquo;Art d\u00e9co ont lieu \u00e0 la galerie Saint-Jacques et au mus\u00e9e Antoine Lecuyer, \u00e0 Saint-Quentin (Aisne), ville embl\u00e9matique de ce style iconique, o\u00f9 le souci du d\u00e9tail transformait certains objets en \u0153uvres d&rsquo;art.<\/p>\n<p>En 1925, l&rsquo;exposition internationale des arts d\u00e9coratifs et industriels modernes sonnait le coup d&rsquo;envoi de cette r\u00e9volution \u00e0 Paris. \u00ab\u00a0Nous avons souhait\u00e9 reproduire v\u00e9ritablement ce parcours d&rsquo;exposition qui avait d\u00e9marr\u00e9 au Pont Alexandre\u00a0III et qui mourrait sur le Grand Palais, et c&rsquo;est l&rsquo;objet de notre exposition puisque nous partons du Mus\u00e9e des Beaux-Arts Antoine Lecuyer pour arriver ici, o\u00f9 vous retrouvez l&rsquo;\u00e9vocation pavillonnaire\u00a0\u00bb, lance Marie-Laurence Maitre, maire adjoint charg\u00e9 de la culture.<\/p>\n<p>\n<a data-article-figure=\"\" href=\"https:\/\/france3-regions.franceinfo.fr\/image\/hRg7sk_Cdw0DitUG0Nfn2BRl-lE\/1920x1080\/regions\/2025\/07\/16\/download-687760323e83e471690036.jpg\" data-pswp-width=\"1920\" data-pswp-height=\"1080\" target=\"_blank\" rel=\"nofollow noopener\"><\/p>\n<p>          <img width=\"600\" height=\"400\" class=\"article-image lazy\" data-src=\"https:\/\/www.europesays.com\/fr\/wp-content\/uploads\/2025\/07\/download-687760323e83e471690036.jpg\" alt=\"L'exposition retrace 100 ans d'histoire de l'art d\u00e9co.\" fetchpriority=\"high\" as=\"image\"\/><\/p>\n<p>\n            L&rsquo;exposition retrace 100 ans d&rsquo;histoire de l&rsquo;art d\u00e9co.<br \/>\n                           \u2022<br \/>\n                                      \u00a9 Marie Roussel \/ FTV\n                      <\/p>\n<p><\/a><\/p>\n<p>Le mouvement Art d\u00e9co cherchait \u00e0 tout prix le renouveau, apr\u00e8s la p\u00e9riode dramatique de la Grande Guerre. \u00ab\u00a0Il faut aussi savoir que l&rsquo;Art d\u00e9co en tant que tel avait \u00e9t\u00e9 amorc\u00e9 en 1914\u00a0\u00bb, mais prendra une autre tournure. \u00ab\u00a0C&rsquo;est d&rsquo;ailleurs ce que pourra saisir un architecte comme Le Corbusier, qui en profite pour imposer un style nouveau, g\u00e9om\u00e9trique\u00a0\u00bb, poursuit l&rsquo;adjointe.<\/p>\n<p>Au-del\u00e0 du style, il s&rsquo;agit \u00e9galement d&rsquo;un art de vivre et de transformations dans le quotidien, notamment pour les femmes qui vont progressivement s&rsquo;\u00e9manciper. \u00ab\u00a0Tout va se traduire d&rsquo;abord par l&rsquo;apparence\u00a0: le maquillage fait son apparition, le parfum aussi. [&#8230;] On pense aussi d&rsquo;une certaine mani\u00e8re aux grands magasins qui implosent \u00e0 ce moment-l\u00e0\u00a0\u00bb.<\/p>\n<p>\n<a data-article-figure=\"\" href=\"https:\/\/france3-regions.franceinfo.fr\/image\/vwdFpf1sX3JeR-SYHAF0byJ4Wak\/1920x1080\/regions\/2025\/07\/16\/download-6877607d3438d482382370.jpg\" data-pswp-width=\"1920\" data-pswp-height=\"1080\" target=\"_blank\" rel=\"nofollow noopener\"><\/p>\n<p>          <img width=\"600\" height=\"400\" class=\"article-image lazy\" data-src=\"https:\/\/www.europesays.com\/fr\/wp-content\/uploads\/2025\/07\/download-6877607d3438d482382370.jpg\" alt=\"La p\u00e9riode art d\u00e9co a permis aux femmes de s'\u00e9manciper davantage.\" fetchpriority=\"high\" as=\"image\"\/><\/p>\n<p>\n            La p\u00e9riode art d\u00e9co a permis aux femmes de s&rsquo;\u00e9manciper davantage.<br \/>\n                           \u2022<br \/>\n                                      \u00a9 Marie Roussel \/ FTV\n                      <\/p>\n<p><\/a><\/p>\n<p>Le but de l&rsquo;exposition \u00e0 la galerie Saint-Jacques est de mettre en sc\u00e8ne des objets du quotidien, car m\u00eame si on parle souvent de style, l&rsquo;Art d\u00e9co est \u00ab\u00a0un art de vivre, et c&rsquo;est bien comme cela qu&rsquo;il faut le concevoir\u00a0: l&rsquo;art de la table\u00a0\u00bb. Au sein de la galerie, Marie-Laurence Maitre pointe du doigt de nombreux objets. Parmi eux, une commode, mais pas n&rsquo;importe laquelle. Il s&rsquo;agit de celle de Maurice Dufr\u00e8ne, le d\u00e9corateur des Galeries Lafayette, \u00ab\u00a0et c&rsquo;est la raison pour laquelle nous avons souhait\u00e9 lui consacrer ce petit hommage\u00a0\u00bb.<\/p>\n<p>Ensuite, le mus\u00e9e Antoine Lecuyer compl\u00e8te la d\u00e9couverte (ou red\u00e9couverte) de cette p\u00e9riode, avec les laques sign\u00e9es par l&rsquo;artiste Gaston Suisse, qui donnent l&rsquo;impression que les oiseaux et autres animaux sont saisis au vol. \u00ab\u00a0Il y \u00e9tait attentif, il recherchait cette spontan\u00e9it\u00e9\u00a0\u00bb, explique Agn\u00e8s Villain, conservatrice du mus\u00e9e. En effet, d\u00e9j\u00e0 tr\u00e8s jeune, l&rsquo;artiste observait les animaux, en particulier au jardin des plantes de Paris et dans les zoos, cr\u00e9ant en lui ce d\u00e9sir de \u00ab\u00a0croquer sur le vif\u00a0\u00bb et d&rsquo;\u00eatre dans l&rsquo;instantan\u00e9it\u00e9.<\/p>\n<p>\u00ab\u00a0Il a d\u2019abord eu un travail g\u00e9ographique vraiment embl\u00e9matique de cette \u00e9poque, et un peu plus tard, il est parti vers cet art beaucoup plus figuratif, mais qui a eu un grand succ\u00e8s \u00e9galement\u00a0\u00bb, ajoute la conservatrice.<\/p>\n<p>\n<a data-article-figure=\"\" href=\"https:\/\/france3-regions.franceinfo.fr\/image\/DM0SxNkDHElHTLwAek_QmiVEZz0\/1920x1080\/regions\/2025\/07\/16\/download-687760c32dacd193446537.jpg\" data-pswp-width=\"1920\" data-pswp-height=\"1080\" target=\"_blank\" rel=\"nofollow noopener\"><\/p>\n<p>          <img width=\"600\" height=\"400\" class=\"article-image lazy\" data-src=\"https:\/\/www.europesays.com\/fr\/wp-content\/uploads\/2025\/07\/download-687760c32dacd193446537.jpg\" alt=\"Les \u0153uvres de Gaston Suisse sont \u00e9galement visibles, au mus\u00e9e Antoine L\u00e9cuyer cette fois-ci.\" fetchpriority=\"high\" as=\"image\"\/><\/p>\n<p>\n            Les \u0153uvres de Gaston Suisse sont \u00e9galement visibles, au mus\u00e9e Antoine L\u00e9cuyer cette fois-ci.<br \/>\n                           \u2022<br \/>\n                                      \u00a9 Marie Roussel \/ FTV\n                      <\/p>\n<p><\/a><\/p>\n<p> Ce qui peut saisir les visiteurs, c&rsquo;est la ma\u00eetrise technique de la laque, tr\u00e8s complexe \u00e0 obtenir\u00a0: \u00ab\u00a0l&rsquo;objet laqu\u00e9 est un objet multicouche, il n\u00e9cessite un travail tr\u00e8s long, tr\u00e8s fin, m\u00e9ticuleux\u00a0\u00bb. Gaston Suisse a d\u00e9couvert cette technique lorsqu&rsquo;il \u00e9tait \u00e9l\u00e8ve, tr\u00e8s jeune, et l&rsquo;a d\u00e9velopp\u00e9 toute sa vie. Il s&rsquo;est m\u00eame affranchi des contraintes de la laque naturelle, en allant progressivement vers la laque synth\u00e9tique pour plus de fluidit\u00e9 et de facilit\u00e9 de s\u00e9chage. \u00ab\u00a0Il a surtout d\u00e9velopp\u00e9 un travail de gravure et de couleur assez incroyable pour l&rsquo;\u00e9poque, il nous a fait ce magnifique travail\u00a0\u00bb, conclut Agn\u00e8s Villain.<\/p>\n<p>Les deux expositions sont visibles \u00e0 la galerie Saint-Jacques et au Mus\u00e9e des Beaux-Arts Antoine L\u00e9cuyer jusqu&rsquo;au 21\u00a0septembre prochain. Plus d&rsquo;informations <a href=\"https:\/\/www.saint-quentin.fr\/evenement\/6587\/264-tous-les-evenements.htm\" target=\"_blank\" rel=\"noopener nofollow\">sur le site internet<\/a> de la galerie.<\/p>\n<p>Avec Dominique Patinec \/\u00a0FTV<\/p>\n","protected":false},"excerpt":{"rendered":"Deux expositions simultan\u00e9es et compl\u00e9mentaires ont lieu \u00e0 Saint-Quentin, pour le centenaire de la p\u00e9riode art d\u00e9co. De&hellip;\n","protected":false},"author":2,"featured_media":262299,"comment_status":"","ping_status":"","sticky":false,"template":"","format":"standard","meta":{"footnotes":""},"categories":[1358],"tags":[1348,1384,1385,1386,58,59,1011,27],"class_list":{"0":"post-262298","1":"post","2":"type-post","3":"status-publish","4":"format-standard","5":"has-post-thumbnail","7":"category-arts-et-design","8":"tag-arts","9":"tag-arts-and-design","10":"tag-arts-et-design","11":"tag-design","12":"tag-divertissement","13":"tag-entertainment","14":"tag-fr","15":"tag-france"},"share_on_mastodon":{"url":"https:\/\/pubeurope.com\/@fr\/114888632133286719","error":""},"_links":{"self":[{"href":"https:\/\/www.europesays.com\/fr\/wp-json\/wp\/v2\/posts\/262298","targetHints":{"allow":["GET"]}}],"collection":[{"href":"https:\/\/www.europesays.com\/fr\/wp-json\/wp\/v2\/posts"}],"about":[{"href":"https:\/\/www.europesays.com\/fr\/wp-json\/wp\/v2\/types\/post"}],"author":[{"embeddable":true,"href":"https:\/\/www.europesays.com\/fr\/wp-json\/wp\/v2\/users\/2"}],"replies":[{"embeddable":true,"href":"https:\/\/www.europesays.com\/fr\/wp-json\/wp\/v2\/comments?post=262298"}],"version-history":[{"count":0,"href":"https:\/\/www.europesays.com\/fr\/wp-json\/wp\/v2\/posts\/262298\/revisions"}],"wp:featuredmedia":[{"embeddable":true,"href":"https:\/\/www.europesays.com\/fr\/wp-json\/wp\/v2\/media\/262299"}],"wp:attachment":[{"href":"https:\/\/www.europesays.com\/fr\/wp-json\/wp\/v2\/media?parent=262298"}],"wp:term":[{"taxonomy":"category","embeddable":true,"href":"https:\/\/www.europesays.com\/fr\/wp-json\/wp\/v2\/categories?post=262298"},{"taxonomy":"post_tag","embeddable":true,"href":"https:\/\/www.europesays.com\/fr\/wp-json\/wp\/v2\/tags?post=262298"}],"curies":[{"name":"wp","href":"https:\/\/api.w.org\/{rel}","templated":true}]}}