{"id":262308,"date":"2025-07-21T01:35:11","date_gmt":"2025-07-21T01:35:11","guid":{"rendered":"https:\/\/www.europesays.com\/fr\/262308\/"},"modified":"2025-07-21T01:35:11","modified_gmt":"2025-07-21T01:35:11","slug":"a-hambourg-lois-boisson-remporte-son-premier-tournoi-wta-liberation","status":"publish","type":"post","link":"https:\/\/www.europesays.com\/fr\/262308\/","title":{"rendered":"A Hambourg, Lo\u00efs Boisson remporte son premier tournoi WTA \u2013 Lib\u00e9ration"},"content":{"rendered":"<p class=\"sc-ksZaOG ehjQrN text-element\">La Fran\u00e7aise, <a href=\"https:\/\/www.liberation.fr\/sports\/tennis\/roland-garros-la-francaise-lois-boisson-en-demi-finale-20250604_NLTO5R7B2JDWJADZPSCRA5BRXA\/\" target=\"_blank\" rel=\"noopener\" title=\"https:\/\/www.liberation.fr\/sports\/tennis\/roland-garros-la-francaise-lois-boisson-en-demi-finale-20250604_NLTO5R7B2JDWJADZPSCRA5BRXA\/\">r\u00e9v\u00e9lation du dernier Roland-Garros,<\/a> a d\u00e9croch\u00e9 son premier titre sur le circuit WTA apr\u00e8s sa victoire en finale du tournoi sur terre battue de Hambourg, ce dimanche 20 juillet face \u00e0 la Hongroise Anna Bond\u00e1r (7-5\/6-3). Il s\u2019agit du premier succ\u00e8s d\u2019une Fran\u00e7aise sur le circuit WTA depuis la victoire de Caroline Garcia au Masters en novembre 2022.<\/p>\n<p class=\"sc-ksZaOG ehjQrN text-element\">La joueuse de 22 ans, <a href=\"https:\/\/www.liberation.fr\/sports\/tennis\/roland-garros-2025-lois-boisson-arrivee-au-bout-du-conte-face-a-coco-gauff-20250605_WZUMD6HW4NET3PT3SEC3LB7Q4A\/\" target=\"_blank\" rel=\"noopener\" title=\"https:\/\/www.liberation.fr\/sports\/tennis\/roland-garros-2025-lois-boisson-arrivee-au-bout-du-conte-face-a-coco-gauff-20250605_WZUMD6HW4NET3PT3SEC3LB7Q4A\/\">demi-finaliste surprise \u00e0 Paris<\/a> au printemps, a renou\u00e9 en Allemagne avec son meilleur tennis. La 63e mondiale, qui disputait sa premi\u00e8re finale sur le circuit principal, a \u00e9t\u00e9 men\u00e9e 5-2 dans le premier set, avant de r\u00e9ussir \u00e0 renverser la rencontre face \u00e0 la Hongroise (77e mondiale).<\/p>\n<p class=\"sc-ksZaOG ehjQrN text-element\">La num\u00e9ro 1 fran\u00e7aise confirme donc son ascension, interrompue par une \u00e9limination d\u00e8s les qualifications \u00e0 Wimbledon, et int\u00e9grera ce lundi le top 50 au classement WTA, elle qui n\u2019\u00e9tait que 361e avant Roland-Garros.<\/p>\n<p class=\"sc-ksZaOG ehjQrN text-element\">Lors de la remise du troph\u00e9e, son visage ferm\u00e9 pendant le match a laiss\u00e9 la place \u00e0 un large sourire. \u00abC\u2019est la premi\u00e8re fois que je fais un discours [de gagnante d\u2019un tournoi], alors soyez indulgents\u00bb, a d\u00e9clar\u00e9 <a href=\"https:\/\/www.liberation.fr\/sports\/lois-boisson-qui-avait-fait-sensation-a-roland-garros-qualifiee-a-hambourg-pour-sa-premiere-finale-wta-20250719_XECOQOMMZRAVTECG3XAIVBOZQQ\/\" target=\"_blank\" rel=\"noopener\" title=\"https:\/\/www.liberation.fr\/sports\/lois-boisson-qui-avait-fait-sensation-a-roland-garros-qualifiee-a-hambourg-pour-sa-premiere-finale-wta-20250719_XECOQOMMZRAVTECG3XAIVBOZQQ\/\">Lo\u00efs Boisson,<\/a> avant de lancer un simple Danke au public allemand.<\/p>\n<p class=\"sc-ksZaOG ehjQrN text-element\">Ce dimanche, sur la terre battue de Hambourg, tournoi WTA 250 pour lequel elle avait re\u00e7u une invitation, la Fran\u00e7aise est pourtant tr\u00e8s mal entr\u00e9e dans son match, en c\u00e9dant son service d\u00e8s le premier jeu.<\/p>\n<p class=\"sc-ksZaOG ehjQrN text-element\">Bond\u00e1r a confirm\u00e9 son break et a m\u00eame pris de nouveau la mise en jeu de Boisson, f\u00e9brile au service, \u00e0 l\u2019image de ses deux doubles fautes. La Hongroise, qui s\u2019est employ\u00e9e \u00e0 jouer sur le revers de la Fran\u00e7aise, son point faible, a rapidement men\u00e9 4-0.<\/p>\n<p class=\"sc-ksZaOG ehjQrN text-element\">Apr\u00e8s vingt premi\u00e8res minutes, Boisson a enfin marqu\u00e9 son premier jeu, conclu sur un ace. La Fran\u00e7aise, lib\u00e9r\u00e9e, a alors r\u00e9ussi \u00e0 convertir une balle de d\u00e9break sur un beau coup droit mais n\u2019a pu confirmer sur son service.<\/p>\n<p class=\"sc-ksZaOG ehjQrN text-element\">Men\u00e9e 5-2, elle a r\u00e9ussi \u00e0 emp\u00eacher la Hongroise de conclure le premier set en lui prenant son service, avant le d\u00e9but d\u2019une formidable remont\u00e9e qui lui a permis de recoller \u00e0 5-5.<\/p>\n<p class=\"sc-ksZaOG ehjQrN text-element\">Apr\u00e8s avoir toutefois d\u00fb sauver trois balles de break, la Fran\u00e7aise, totalement retrouv\u00e9e, a conclu le premier set 7-5 en prenant de nouveau le service de la Hongroise.<\/p>\n<p class=\"sc-ksZaOG ehjQrN text-element\">En d\u00e9but de seconde manche, Bond\u00e1r, victorieuse en finale sur ce m\u00eame court l\u2019an pass\u00e9 quand le tournoi n\u2019\u00e9tait pas encore un WTA 250, a pris la mise en jeu de Boisson. Mais la Fran\u00e7aise a effac\u00e9 ce break gr\u00e2ce \u00e0 un jeu blanc pour revenir \u00e0 3-3, avant de passer devant en s\u2019appuyant sur son coup droit puis en r\u00e9ussissant une amortie (4-3).<\/p>\n<p class=\"sc-ksZaOG ehjQrN text-element\">Elle a ensuite de nouveau break\u00e9 Bond\u00e1r en ramenant la balle gr\u00e2ce \u00e0 une d\u00e9fense h\u00e9ro\u00efque, avant que la Hongroise n\u2019envoie un smash derri\u00e8re la ligne. La Fran\u00e7aise a confirm\u00e9 sur son service gr\u00e2ce \u00e0 nouveau \u00e0 son coup droit pour s\u2019envoler vers son premier titre.<\/p>\n<p class=\"sc-ksZaOG ehjQrN text-element\"><a href=\"https:\/\/www.liberation.fr\/sports\/tennis\/lois-boisson-demi-finaliste-de-roland-garros-361e-mondiale-explosion-dabonnes-et-de-gains-lepopee-de-la-francaise-en-chiffres-20250605_MCU6TNBFQNGTXHS4QDYI6ILSPY\/\" target=\"_blank\" rel=\"noopener\" title=\"https:\/\/www.liberation.fr\/sports\/tennis\/lois-boisson-demi-finaliste-de-roland-garros-361e-mondiale-explosion-dabonnes-et-de-gains-lepopee-de-la-francaise-en-chiffres-20250605_MCU6TNBFQNGTXHS4QDYI6ILSPY\/\">Lors de son \u00e9pop\u00e9e \u00e0 Roland-Garros<\/a>, son premier tournoi du Grand Chelem, Boisson n\u2019avait c\u00e9d\u00e9 qu\u2019en demie face \u00e0 l\u2019Am\u00e9ricaine Coco Gauff, future laur\u00e9ate, apr\u00e8s avoir \u00e9limin\u00e9 deux membres du Top 10. Elle avait en revanche \u00e9t\u00e9 \u00e9limin\u00e9e d\u00e8s le premier tour des qualifications \u00e0 Wimbledon.<\/p>\n","protected":false},"excerpt":{"rendered":"La Fran\u00e7aise, r\u00e9v\u00e9lation du dernier Roland-Garros, a d\u00e9croch\u00e9 son premier titre sur le circuit WTA apr\u00e8s sa victoire&hellip;\n","protected":false},"author":2,"featured_media":262309,"comment_status":"","ping_status":"","sticky":false,"template":"","format":"standard","meta":{"footnotes":""},"categories":[9],"tags":[1011,27,10535,60],"class_list":{"0":"post-262308","1":"post","2":"type-post","3":"status-publish","4":"format-standard","5":"has-post-thumbnail","7":"category-sports","8":"tag-fr","9":"tag-france","10":"tag-lois-boisson","11":"tag-sports"},"share_on_mastodon":{"url":"https:\/\/pubeurope.com\/@fr\/114888659682757374","error":""},"_links":{"self":[{"href":"https:\/\/www.europesays.com\/fr\/wp-json\/wp\/v2\/posts\/262308","targetHints":{"allow":["GET"]}}],"collection":[{"href":"https:\/\/www.europesays.com\/fr\/wp-json\/wp\/v2\/posts"}],"about":[{"href":"https:\/\/www.europesays.com\/fr\/wp-json\/wp\/v2\/types\/post"}],"author":[{"embeddable":true,"href":"https:\/\/www.europesays.com\/fr\/wp-json\/wp\/v2\/users\/2"}],"replies":[{"embeddable":true,"href":"https:\/\/www.europesays.com\/fr\/wp-json\/wp\/v2\/comments?post=262308"}],"version-history":[{"count":0,"href":"https:\/\/www.europesays.com\/fr\/wp-json\/wp\/v2\/posts\/262308\/revisions"}],"wp:featuredmedia":[{"embeddable":true,"href":"https:\/\/www.europesays.com\/fr\/wp-json\/wp\/v2\/media\/262309"}],"wp:attachment":[{"href":"https:\/\/www.europesays.com\/fr\/wp-json\/wp\/v2\/media?parent=262308"}],"wp:term":[{"taxonomy":"category","embeddable":true,"href":"https:\/\/www.europesays.com\/fr\/wp-json\/wp\/v2\/categories?post=262308"},{"taxonomy":"post_tag","embeddable":true,"href":"https:\/\/www.europesays.com\/fr\/wp-json\/wp\/v2\/tags?post=262308"}],"curies":[{"name":"wp","href":"https:\/\/api.w.org\/{rel}","templated":true}]}}