{"id":262310,"date":"2025-07-21T01:36:11","date_gmt":"2025-07-21T01:36:11","guid":{"rendered":"https:\/\/www.europesays.com\/fr\/262310\/"},"modified":"2025-07-21T01:36:11","modified_gmt":"2025-07-21T01:36:11","slug":"mort-de-thierry-ardisson-la-mission-ultra-delicate-confiee-a-lex-garde-du-corps-de-johnny","status":"publish","type":"post","link":"https:\/\/www.europesays.com\/fr\/262310\/","title":{"rendered":"Mort de Thierry Ardisson : la mission ultra d\u00e9licate confi\u00e9e \u00e0 l\u2019ex-garde du corps de Johnny"},"content":{"rendered":"<p>      R\u00e9sum\u00e9<\/p>\n<p>Thierry Ardisson a \u00e9t\u00e9 enterr\u00e9 en toute discr\u00e9tion \u00e0 M\u00e9nerbes, sous haute surveillance assur\u00e9e par l\u2019ex-garde du corps de Johnny Hallyday, dans le village qu\u2019il avait choisi comme dernier refuge.<\/p>\n<p>        Sommaire<\/p>\n<p>Le samedi 19 juillet 2025, cinq jours apr\u00e8s le d\u00e9c\u00e8s de Thierry Ardisson, l&rsquo;animateur a <strong>\u00e9t\u00e9 inhum\u00e9 dans le village de M\u00e9nerbes<\/strong>, situ\u00e9 dans le Vaucluse.<\/p>\n<p>La c\u00e9r\u00e9monie se voulait sobre et confidentielle, loin de <strong>l&rsquo;hommage public et tr\u00e8s m\u00e9diatis\u00e9<\/strong> qui lui avait \u00e9t\u00e9 rendu \u00e0 Paris quelques jours plus t\u00f4t. Malgr\u00e9 le calme des lieux, les mesures de s\u00e9curit\u00e9 \u00e9taient bien r\u00e9elles.<\/p>\n<p>Thierry Ardisson enterr\u00e9 loin de Paris<\/p>\n<p>Dans l&rsquo;\u00e9glise Saint-Roch, \u00e0 Paris, ce ne sont <strong>pas moins de 1 000 personnes<\/strong> qui s&rsquo;\u00e9taient r\u00e9unies pour la messe rendue \u00e0 la m\u00e9moire de Thierry Ardisson. Mais <a href=\"https:\/\/www.public.fr\/thierry-ardisson-a-ete-inhume-dans-un-tout-petit-village-du-vaucluse-dans-lintimite-la-plus-totale\" target=\"_blank\" rel=\"noopener\">c&rsquo;est dans le Luberon<\/a> que l&rsquo;animateur a \u00e9t\u00e9 enterr\u00e9, dans le petit cimeti\u00e8re de M\u00e9nerbes. Seule sa famille avait \u00e9t\u00e9 convi\u00e9e pour la c\u00e9r\u00e9monie. Le caveau familial a \u00e9t\u00e9 d\u00e9cor\u00e9 <strong>de gerbes de fleurs blanches et noires<\/strong>, sign\u00e9es par le couple pr\u00e9sidentiel et la cha\u00eene Paris Premi\u00e8re.<\/p>\n<p><strong>Aucun m\u00e9dia n&rsquo;\u00e9tait invit\u00e9<\/strong> \u00e0 suivre l&rsquo;\u00e9v\u00e8nement, le cimeti\u00e8re ayant m\u00eame \u00e9t\u00e9 ferm\u00e9 en fin de matin\u00e9e. L&rsquo;homme noir a \u00e9t\u00e9 inhum\u00e9 dans la plus parfaite intimit\u00e9. Sobre, cette c\u00e9r\u00e9monie n&rsquo;\u00e9tait pas pour autant tr\u00e8s organis\u00e9e, <strong>notamment au niveau de la s\u00e9curit\u00e9<\/strong>.<\/p>\n<p>L&rsquo;ancien garde du corps de Johnny Hallyday supervise l&rsquo;\u00e9v\u00e8nement<\/p>\n<p>Afin que tout se d\u00e9roule bien, les proches de Thierry Ardisson ont fait appel \u00e0 un professionnel de la s\u00e9curit\u00e9 : <strong>l&rsquo;ancien garde du corps de Johnny<\/strong>. Ce dernier est habitu\u00e9 aux dispositifs discrets. Pour l&rsquo;occasion, il dirigeait une \u00e9quipe d&rsquo;agents priv\u00e9s, qui \u00e9taient post\u00e9s aux abords du cimeti\u00e8re. Ils avaient pour mission de maintenir les intrus \u00e0 distance et de <strong>prot\u00e9ger l&rsquo;intimit\u00e9 de la c\u00e9r\u00e9monie<\/strong>.<\/p>\n<p>Gr\u00e2ce \u00e0 lui et \u00e0 son \u00e9quipe, <strong>aucun incident<\/strong> n&rsquo;est venu troubler l&rsquo;enterrement de l&rsquo;animateur. La mise en terre a eu lieu en d\u00e9but d&rsquo;apr\u00e8s-midi. Sans surprise, l&rsquo;ambiance \u00e9tait grave, mais aussi respectueuse. Jusqu&rsquo;au bout, <a href=\"https:\/\/www.public.fr\/mort-de-thierry-ardisson-dans-le-documentaire-daudrey-crespo-mara-ce-que-tout-le-monde-a-appris-de-bouleversant-sur-son-cancer\" target=\"_blank\" rel=\"noopener\">la vie de Thierry Ardisson<\/a> aura \u00e9t\u00e9 <strong>une mise en sc\u00e8ne travaill\u00e9e<\/strong>.<\/p>\n<p>Un ultime retour aux sources pour Thierry Ardisson<\/p>\n<p>Mais alors, pourquoi <a href=\"https:\/\/www.public.fr\/audrey-crespo-mara-de-retour-la-semaine-prochaine-au-jt-de-tf1-apres-la-mort-de-thierry-ardisson\" target=\"_blank\" rel=\"noopener\">Thierry Ardisson<\/a> a-t-il \u00e9t\u00e9 <strong>enterr\u00e9 dans le Vaucluse<\/strong> ? M\u00e9nerbes \u00e9tait une commune \u00e0 laquelle l&rsquo;animateur \u00e9tait tr\u00e8s attach\u00e9. Il y poss\u00e9dait m\u00eame une maison.<\/p>\n<p>M\u00eame s&rsquo;il a fait toute sa carri\u00e8re \u00e0 Paris, Thierry Ardisson n&rsquo;avait jamais oubli\u00e9 le sud de la France, o\u00f9 il avait grandi. Il avait lui-m\u00eame demand\u00e9 <strong>\u00e0 reposer dans cette petite commune<\/strong>, car elle constituait un ultime retour aux sources.<\/p>\n<p>      Mentionn\u00e9s dans cet article<\/p>\n<p>\u00c0 lire aussi<\/p>\n","protected":false},"excerpt":{"rendered":"R\u00e9sum\u00e9 Thierry Ardisson a \u00e9t\u00e9 enterr\u00e9 en toute discr\u00e9tion \u00e0 M\u00e9nerbes, sous haute surveillance assur\u00e9e par l\u2019ex-garde du&hellip;\n","protected":false},"author":2,"featured_media":262311,"comment_status":"","ping_status":"","sticky":false,"template":"","format":"standard","meta":{"footnotes":""},"categories":[8],"tags":[58,59,1011,27,10058],"class_list":{"0":"post-262310","1":"post","2":"type-post","3":"status-publish","4":"format-standard","5":"has-post-thumbnail","7":"category-divertissement","8":"tag-divertissement","9":"tag-entertainment","10":"tag-fr","11":"tag-france","12":"tag-thierry-ardisson"},"share_on_mastodon":{"url":"https:\/\/pubeurope.com\/@fr\/114888663661976373","error":""},"_links":{"self":[{"href":"https:\/\/www.europesays.com\/fr\/wp-json\/wp\/v2\/posts\/262310","targetHints":{"allow":["GET"]}}],"collection":[{"href":"https:\/\/www.europesays.com\/fr\/wp-json\/wp\/v2\/posts"}],"about":[{"href":"https:\/\/www.europesays.com\/fr\/wp-json\/wp\/v2\/types\/post"}],"author":[{"embeddable":true,"href":"https:\/\/www.europesays.com\/fr\/wp-json\/wp\/v2\/users\/2"}],"replies":[{"embeddable":true,"href":"https:\/\/www.europesays.com\/fr\/wp-json\/wp\/v2\/comments?post=262310"}],"version-history":[{"count":0,"href":"https:\/\/www.europesays.com\/fr\/wp-json\/wp\/v2\/posts\/262310\/revisions"}],"wp:featuredmedia":[{"embeddable":true,"href":"https:\/\/www.europesays.com\/fr\/wp-json\/wp\/v2\/media\/262311"}],"wp:attachment":[{"href":"https:\/\/www.europesays.com\/fr\/wp-json\/wp\/v2\/media?parent=262310"}],"wp:term":[{"taxonomy":"category","embeddable":true,"href":"https:\/\/www.europesays.com\/fr\/wp-json\/wp\/v2\/categories?post=262310"},{"taxonomy":"post_tag","embeddable":true,"href":"https:\/\/www.europesays.com\/fr\/wp-json\/wp\/v2\/tags?post=262310"}],"curies":[{"name":"wp","href":"https:\/\/api.w.org\/{rel}","templated":true}]}}