{"id":262316,"date":"2025-07-21T01:39:09","date_gmt":"2025-07-21T01:39:09","guid":{"rendered":"https:\/\/www.europesays.com\/fr\/262316\/"},"modified":"2025-07-21T01:39:09","modified_gmt":"2025-07-21T01:39:09","slug":"93-palestiniens-recuperant-de-laide-humanitaire-tues-par-des-tirs-israeliens","status":"publish","type":"post","link":"https:\/\/www.europesays.com\/fr\/262316\/","title":{"rendered":"93 Palestiniens r\u00e9cup\u00e9rant de l\u2019aide humanitaire tu\u00e9s par des tirs isra\u00e9liens"},"content":{"rendered":"<p>Un des convois du Programme alimentaire mondial (PAM) entr\u00e9 dimanche matin dans la bande de Gaza a rencontr\u00e9, dans le secteur de Zikim, \u00abd\u2019immenses foules de civils affam\u00e9s qui ont essuy\u00e9 des tirs\u00bb.<\/p>\n<p class=\"fig-paragraph\">La D\u00e9fense civile de la\u00a0<a href=\"http:\/\/www.lefigaro.fr\/international\/gaza-l-armee-demande-aux-civils-d-evacuer-une-partie-de-l-exclave-avant-une-nouvelle-offensive-20250720\" data-fig-type=\"NewsFlash\" data-gtm-custom-categorie=\"navigation\" data-gtm-custom-action=\"crossclick\" data-gtm-custom-label=\"Contextuel\" data-gtm-event=\"customEventSPE\" data-fig-domain=\"LEFIGARO\" rel=\"nofollow noopener\" target=\"_blank\">bande de Gaza<\/a>\u00a0a affirm\u00e9 que les forces isra\u00e9liennes avaient tir\u00e9 dimanche sur des Palestiniens qui tentaient de r\u00e9cup\u00e9rer de l&rsquo;aide humanitaire dans le petit territoire, tuant 93 personnes. L&rsquo;ONU et des ONG font r\u00e9guli\u00e8rement \u00e9tat d&rsquo;un risque de famine dans la bande de Gaza assi\u00e9g\u00e9e par Isra\u00ebl apr\u00e8s plus de 21 mois de conflit.<\/p>\n<p class=\"fig-paragraph\">Le porte-parole de la D\u00e9fense civile, Mahmoud Bassal, a d\u00e9clar\u00e9 \u00e0 l&rsquo;AFP que 93 personnes avaient \u00e9t\u00e9 tu\u00e9es et des dizaines bless\u00e9es \u00e0 la suite de \u00abtirs de l&rsquo;occupation (Isra\u00ebl, NDLR) sur des personnes attendant de l&rsquo;aide\u00bb en diff\u00e9rents points du territoire. Selon lui, 80 personnes ont notamment p\u00e9ri dans la zone de Zikim, au nord-ouest de la ville de Gaza (nord).<\/p>\n<p>                                    <a class=\"fig-a11y-skip a11y-hidden\" href=\"#fig-a11y-skip-main-inarticle\"><br \/>\n        Passer la publicit\u00e9<br \/>\n    <\/a><\/p>\n<p class=\"fig-paragraph\">Le Programme alimentaire mondial (PAM) a d\u00e9clar\u00e9 qu&rsquo;un de ses convois transportant de l&rsquo;aide alimentaire \u00e9tait entr\u00e9 dimanche matin dans la bande de Gaza et avait rencontr\u00e9, dans le secteur de Zikim, \u00abd&rsquo;immenses foules de civils affam\u00e9s qui ont essuy\u00e9 des tirs\u00bb. Le PAM a jug\u00e9 \u00abtotalement inacceptable\u00bb toute violence contre ces civils.<\/p>\n<p>\u00abLa faim et la malnutrition s\u00e9v\u00e8re\u00bb<\/p>\n<p class=\"fig-paragraph\">Sollicit\u00e9e par l&rsquo;AFP, l&rsquo;arm\u00e9e a \u00e9voqu\u00e9 des \u00abtirs de sommation pour \u00e9carter une menace imm\u00e9diate qui pesait sur elle\u00bb, face \u00e0 un regroupement de \u00abmilliers\u00bb de personnes. Elle a d\u00e9menti le bilan de la D\u00e9fense civile. Celle-ci a fait \u00e9tat de 23 autres morts dans des bombardements dans le territoire palestinien.<\/p>\n<p class=\"fig-paragraph\">Compte tenu des restrictions impos\u00e9es aux m\u00e9dias par Isra\u00ebl, qui assi\u00e8ge Gaza, et des difficult\u00e9s d&rsquo;acc\u00e8s sur le terrain, l&rsquo;AFP n&rsquo;est pas en mesure de v\u00e9rifier de mani\u00e8re ind\u00e9pendante les bilans et affirmations des diff\u00e9rentes parties. La D\u00e9fense civile a en outre dit avoir constat\u00e9 une augmentation du nombre de d\u00e9c\u00e8s de nourrissons caus\u00e9s par \u00abla faim et la malnutrition s\u00e9v\u00e8re\u00bb, signalant au moins trois d\u00e9c\u00e8s d&rsquo;enfants au cours de la semaine derni\u00e8re.<\/p>\n<p>L\u2019appel du pape L\u00e9on XIV<\/p>\n<p class=\"fig-paragraph\">Dans ce contexte, l&rsquo;arm\u00e9e isra\u00e9lienne a annonc\u00e9 \u00e9tendre ses op\u00e9rations \u00e0 la r\u00e9gion de Deir al-Balah, dans le centre du territoire palestinien, o\u00f9 elle a somm\u00e9 la population d&rsquo;\u00e9vacuer. Des familles enti\u00e8res ont \u00e9t\u00e9 vues transportant quelques affaires, ou entass\u00e9es sur des charrettes tir\u00e9es par des \u00e2nes, se dirigeant en direction du sud. \u00abL&rsquo;ordre de d\u00e9placement massif \u00e9mis par l&rsquo;arm\u00e9e isra\u00e9lienne a port\u00e9 un nouveau coup terrible aux lignes de vie d\u00e9j\u00e0 fragiles qui maintiennent les gens en vie dans la bande de Gaza\u00bb, a d\u00e9plor\u00e9 dans un communiqu\u00e9 le Bureau des affaires humanitaires de l&rsquo;ONU (OCHA). En pr\u00e8s de 22 mois de guerre, la majorit\u00e9 des plus de deux millions de Palestiniens de la bande de Gaza ont \u00e9t\u00e9 d\u00e9plac\u00e9s au moins une fois.<\/p>\n<p class=\"fig-paragraph\">Au Vatican, le pape L\u00e9on XIV a appel\u00e9 \u00e0 mettre fin imm\u00e9diatement \u00e0 la \u00abbarbarie\u00bb de la guerre \u00e0 Gaza, quelques jours apr\u00e8s une frappe isra\u00e9lienne meurtri\u00e8re contre une \u00e9glise catholique dans le territoire palestinien. L&rsquo;attaque du 7-Octobre a entra\u00een\u00e9 du c\u00f4t\u00e9 isra\u00e9lien la mort de 1.219 personnes, en majorit\u00e9 des civils, selon un d\u00e9compte de l&rsquo;AFP r\u00e9alis\u00e9 \u00e0 partir de donn\u00e9es officielles. Sur les 251 personnes \u00e9galement enlev\u00e9es ce jour-l\u00e0, 49 sont toujours otages \u00e0 Gaza, dont 27 ont \u00e9t\u00e9 d\u00e9clar\u00e9es mortes par l&rsquo;arm\u00e9e isra\u00e9lienne.<\/p>\n<p>                                    <a class=\"fig-a11y-skip a11y-hidden\" href=\"#fig-a11y-skip-main-inarticle_mtf\"><br \/>\n        Passer la publicit\u00e9<br \/>\n    <\/a><\/p>\n<p class=\"fig-paragraph\">Isra\u00ebl a jur\u00e9 de d\u00e9truire le Hamas et a lanc\u00e9 en repr\u00e9sailles une offensive destructrice dans laquelle au moins 58.895 personnes, majoritairement des civils, ont \u00e9t\u00e9 tu\u00e9es, selon des donn\u00e9es du minist\u00e8re de la Sant\u00e9 \u00e0 Gaza, jug\u00e9es fiables par l&rsquo;ONU.<\/p>\n","protected":false},"excerpt":{"rendered":"Un des convois du Programme alimentaire mondial (PAM) entr\u00e9 dimanche matin dans la bande de Gaza a rencontr\u00e9,&hellip;\n","protected":false},"author":2,"featured_media":262317,"comment_status":"","ping_status":"","sticky":false,"template":"","format":"standard","meta":{"footnotes":""},"categories":[5],"tags":[11,3259,1011,27,665,14,12,3521,3518,28],"class_list":{"0":"post-262316","1":"post","2":"type-post","3":"status-publish","4":"format-standard","5":"has-post-thumbnail","7":"category-international","8":"tag-actualites","9":"tag-conflit-israelo-palestinien","10":"tag-fr","11":"tag-france","12":"tag-gaza","13":"tag-international","14":"tag-news","15":"tag-onu","16":"tag-palestine","17":"tag-world"},"share_on_mastodon":{"url":"https:\/\/pubeurope.com\/@fr\/114888675480715297","error":""},"_links":{"self":[{"href":"https:\/\/www.europesays.com\/fr\/wp-json\/wp\/v2\/posts\/262316","targetHints":{"allow":["GET"]}}],"collection":[{"href":"https:\/\/www.europesays.com\/fr\/wp-json\/wp\/v2\/posts"}],"about":[{"href":"https:\/\/www.europesays.com\/fr\/wp-json\/wp\/v2\/types\/post"}],"author":[{"embeddable":true,"href":"https:\/\/www.europesays.com\/fr\/wp-json\/wp\/v2\/users\/2"}],"replies":[{"embeddable":true,"href":"https:\/\/www.europesays.com\/fr\/wp-json\/wp\/v2\/comments?post=262316"}],"version-history":[{"count":0,"href":"https:\/\/www.europesays.com\/fr\/wp-json\/wp\/v2\/posts\/262316\/revisions"}],"wp:featuredmedia":[{"embeddable":true,"href":"https:\/\/www.europesays.com\/fr\/wp-json\/wp\/v2\/media\/262317"}],"wp:attachment":[{"href":"https:\/\/www.europesays.com\/fr\/wp-json\/wp\/v2\/media?parent=262316"}],"wp:term":[{"taxonomy":"category","embeddable":true,"href":"https:\/\/www.europesays.com\/fr\/wp-json\/wp\/v2\/categories?post=262316"},{"taxonomy":"post_tag","embeddable":true,"href":"https:\/\/www.europesays.com\/fr\/wp-json\/wp\/v2\/tags?post=262316"}],"curies":[{"name":"wp","href":"https:\/\/api.w.org\/{rel}","templated":true}]}}