{"id":262318,"date":"2025-07-21T01:40:12","date_gmt":"2025-07-21T01:40:12","guid":{"rendered":"https:\/\/www.europesays.com\/fr\/262318\/"},"modified":"2025-07-21T01:40:12","modified_gmt":"2025-07-21T01:40:12","slug":"une-femme-en-plein-accouchement-bloquee-par-le-tour-de-france-le-couple-escorte-par-la-police-jusqua-lhopital","status":"publish","type":"post","link":"https:\/\/www.europesays.com\/fr\/262318\/","title":{"rendered":"Une femme en plein accouchement bloqu\u00e9e par le Tour de France, le couple escort\u00e9 par la police jusqu\u2019\u00e0 l\u2019h\u00f4pital"},"content":{"rendered":"<p>Une <a href=\"https:\/\/www.20minutes.fr\/sport\/cyclisme\/tour-de-france\/4162389-20250707-tour-france-2025-course-contre-montre-cofidis-partenaires-remplacer-velos-voles\" class=\"color-ultramarine c-link\" target=\"_blank\" rel=\"noopener\">course contre-la-montre<\/a> d\u2019un nouveau genre. Samedi, \u00e0 l\u2019occasion du d\u00e9part de la <a href=\"https:\/\/www.20minutes.fr\/sport\/cyclisme\/4164431-20250719-tour-france-2025-classement-general-resultats-apres-14e-etape\" class=\"color-ultramarine c-link\" target=\"_blank\" rel=\"noopener\">quatorzi\u00e8me \u00e9tape<\/a> du <a href=\"https:\/\/www.20minutes.fr\/sport\/tour-de-france\/\" class=\"color-ultramarine c-link\" target=\"_blank\" rel=\"noopener\">Tour de France<\/a> \u00e0 Pau, des policiers ont \u00e9t\u00e9 mobilis\u00e9s sur une mission inattendue.<\/p>\n<p>La belle histoire a \u00e9t\u00e9 rep\u00e9r\u00e9e par <a href=\"https:\/\/www.francebleu.fr\/sports\/cyclisme\/c-est-la-belle-histoire-du-tour-de-france-en-bearn-un-bebe-est-ne-pendant-le-passage-des-coureurs-a-pau-3999769\" rel=\"nofollow noopener\" target=\"_blank\" class=\"color-ultramarine c-link\">Ici B\u00e9arn<\/a>. T\u00f4t dans la matin\u00e9e, alors que les routes sont bloqu\u00e9es dans la ville pour laisser passer les coureurs cyclistes, un couple se pr\u00e9sente au niveau d\u2019un rond-point. La situation est urgente\u00a0: la femme enceinte vient de perdre les eaux et doit se rendre en urgence \u00e0 l\u2019h\u00f4pital.<\/p>\n<\/p>\n<p>Escorte<\/p>\n<p>\u00ab\u00a0Nous avions une coll\u00e8gue, Joella, qui \u00e9tait en place \u00e0 cet endroit quand un v\u00e9hicule s\u2019est pr\u00e9sent\u00e9 \u00e0 elle, le chauffeur expliquant que sa compagne allait accoucher. Quand elle a entendu presque crier la jeune femme qui \u00e9tait assise sur le si\u00e8ge d\u2019\u00e0 c\u00f4t\u00e9, elle a tr\u00e8s vite compris que c\u2019\u00e9tait tr\u00e8s urgent\u00a0\u00bb, explique Val\u00e9rie Callen, charg\u00e9e de communication au commissariat de Pau, \u00e0 la radio locale. Et d\u2019ajouter\u00a0: \u00ab\u00a0Accompagner une personne jusqu\u2019\u00e0 l\u2019h\u00f4pital c\u2019est vraiment un moment extraordinaire. On est vraiment fier d\u2019\u00eatre policier \u00e0 ce moment-l\u00e0.\u00a0\u00bb<\/p>\n<p>Le v\u00e9hicule est rapidement pris en charge puis des motards escortent le couple jusqu\u2019\u00e0 l\u2019h\u00f4pital, sans encombre. La famille a accueilli un petit gar\u00e7on, auquel la police des Pyr\u00e9n\u00e9es-Atlantiques a souhait\u00e9 \u00ab\u00a0beaucoup de bonheur\u00a0\u00bb sur <a href=\"https:\/\/www.facebook.com\/PoliceNat64\/posts\/752475297170058?ref=embed_post\" rel=\"nofollow noopener\" target=\"_blank\" class=\"color-ultramarine c-link\">sa page Facebook<\/a>.<\/p>\n","protected":false},"excerpt":{"rendered":"Une course contre-la-montre d\u2019un nouveau genre. Samedi, \u00e0 l\u2019occasion du d\u00e9part de la quatorzi\u00e8me \u00e9tape du Tour de&hellip;\n","protected":false},"author":2,"featured_media":262319,"comment_status":"","ping_status":"","sticky":false,"template":"","format":"standard","meta":{"footnotes":""},"categories":[4],"tags":[47,11,3177,40211,3493,207,1011,27,198,12,2219,6374,6375,25,104,210],"class_list":{"0":"post-262318","1":"post","2":"type-post","3":"status-publish","4":"format-standard","5":"has-post-thumbnail","7":"category-france","8":"tag-actualite","9":"tag-actualites","10":"tag-aquitaine","11":"tag-bearn","12":"tag-bebe","13":"tag-cyclisme","14":"tag-fr","15":"tag-france","16":"tag-naissance","17":"tag-news","18":"tag-nouvelle-aquitaine","19":"tag-pau","20":"tag-pyrenees-atlantiques","21":"tag-republique-francaise","22":"tag-societe","23":"tag-tour-de-france"},"share_on_mastodon":{"url":"https:\/\/pubeurope.com\/@fr\/114888679373128541","error":""},"_links":{"self":[{"href":"https:\/\/www.europesays.com\/fr\/wp-json\/wp\/v2\/posts\/262318","targetHints":{"allow":["GET"]}}],"collection":[{"href":"https:\/\/www.europesays.com\/fr\/wp-json\/wp\/v2\/posts"}],"about":[{"href":"https:\/\/www.europesays.com\/fr\/wp-json\/wp\/v2\/types\/post"}],"author":[{"embeddable":true,"href":"https:\/\/www.europesays.com\/fr\/wp-json\/wp\/v2\/users\/2"}],"replies":[{"embeddable":true,"href":"https:\/\/www.europesays.com\/fr\/wp-json\/wp\/v2\/comments?post=262318"}],"version-history":[{"count":0,"href":"https:\/\/www.europesays.com\/fr\/wp-json\/wp\/v2\/posts\/262318\/revisions"}],"wp:featuredmedia":[{"embeddable":true,"href":"https:\/\/www.europesays.com\/fr\/wp-json\/wp\/v2\/media\/262319"}],"wp:attachment":[{"href":"https:\/\/www.europesays.com\/fr\/wp-json\/wp\/v2\/media?parent=262318"}],"wp:term":[{"taxonomy":"category","embeddable":true,"href":"https:\/\/www.europesays.com\/fr\/wp-json\/wp\/v2\/categories?post=262318"},{"taxonomy":"post_tag","embeddable":true,"href":"https:\/\/www.europesays.com\/fr\/wp-json\/wp\/v2\/tags?post=262318"}],"curies":[{"name":"wp","href":"https:\/\/api.w.org\/{rel}","templated":true}]}}