{"id":262322,"date":"2025-07-21T01:43:14","date_gmt":"2025-07-21T01:43:14","guid":{"rendered":"https:\/\/www.europesays.com\/fr\/262322\/"},"modified":"2025-07-21T01:43:14","modified_gmt":"2025-07-21T01:43:14","slug":"travaux-du-bourg-entre-chutes-de-clients-et-paves-qui-brillent","status":"publish","type":"post","link":"https:\/\/www.europesays.com\/fr\/262322\/","title":{"rendered":"TRAVAUX DU BOURG : ENTRE CHUTES DE CLIENTS ET PAV\u00c9S QUI BRILLENT"},"content":{"rendered":"<p>                <a href=\"https:\/\/cadenceradio.fr\" target=\"_blank\" aria-label=\"Banni\u00e8re Cadence 2025\" rel=\"noopener\"><img loading=\"lazy\" decoding=\"async\" src=\"https:\/\/www.europesays.com\/fr\/wp-content\/uploads\/2025\/07\/Banniere-Cadence-2025-scaled.jpg\" alt=\"\"   width=\"2560\" height=\"738\"\/><\/a><\/p>\n<p>Par 31\u00b0C ce mercredi, l\u2019avenue de la Lib\u00e9ration transform\u00e9e en zone de chantier oblige les passants \u00e0 \u00ab\u00a0garder l\u2019\u0153il riv\u00e9 au sol pour \u00e9viter une \u00e9ventuelle chute. Nicole, cliente fid\u00e8le, confirme cette dangerosit\u00e9 : \u00ab\u00a0Pour entrer chez le boulanger je fais tr\u00e8s attention. C\u2019est ennuyeux.\u00a0\u00bb Cette ins\u00e9curit\u00e9 pi\u00e9tonne complique l\u2019acc\u00e8s aux commerces et d\u00e9courage la client\u00e8le la plus fragile.<\/p>\n<p><strong>Boucher inquiet, coiffeuse sereine<\/strong><\/p>\n<p>Sylvain Ladret, boucher du secteur, s\u2019alarme des cons\u00e9quences : \u00ab\u00a0La semaine, c\u2019est plus compliqu\u00e9 car les clients n\u2019ont pas le temps. Ils arrivaient entre 17h30 et 19h, se garaient devant et repartaient.\u00a0\u00bb Il s\u2019interroge sur l\u2019apr\u00e8s-travaux : \u00ab\u00a0Est-ce que les deux arr\u00eats minutes suffiront ?\u00a0\u00bb Audrey Gaillard relativise : \u00ab\u00a0Nous ne sommes pas comme les m\u00e9tiers de bouche\u00a0\u00bb, profitant du caract\u00e8re planifi\u00e9 de sa client\u00e8le. Elle salue n\u00e9anmoins le respect du calendrier des travaux.<\/p>\n<p>\u00c9milie Magand a inaugur\u00e9 La cabane O P\u2019tites merveilles le 21 juin, \u00ab\u00a0en plein dans les travaux.\u00a0\u00bb Son t\u00e9moignage illustre l\u2019absurdit\u00e9 de certaines situations : \u00ab\u00a0J\u2019avais un camion gar\u00e9 en perpendiculaire devant la boutique et une pelle devant ma vitrine.\u00a0\u00bb Heureusement, l\u2019intervention municipale a r\u00e9solu cette aberration logistique.<\/p>\n<p>Face \u00e0 la baisse de fr\u00e9quentation, elle innove : \u00ab\u00a0J\u2019essaie d\u2019organiser des jeux pour les enfants\u00a0\u00bb pour maintenir l\u2019attractivit\u00e9 de sa boutique. Ga\u00eblle, Marcellinoise en vacances, pr\u00eache l\u2019engagement local : \u00ab\u00a0Les gens du village peuvent faire un effort pour se d\u00e9placer. Moi, je me d\u00e9place \u00e0 v\u00e9lo. C\u2019est mon village et j\u2019y tiens !\u00a0\u00bb Cette philosophie citoyenne contraste avec les pr\u00e9occupations purement \u00e9conomiques des commer\u00e7ants.<\/p>\n<p>In\u00e8s, opticienne de Just\u2019Un regard, anticipe positivement : \u00ab\u00a0Quand le trottoir sera refait, les personnes \u00e0 mobilit\u00e9 r\u00e9duite pourront entrer. En attendant, je me d\u00e9place \u00e0 leur domicile.\u00a0\u00bb Cette adaptation temporaire illustre l\u2019inventivit\u00e9 commerciale face aux contraintes.<\/p>\n<p><strong>R\u00e9volution esth\u00e9tique en cours<\/strong><\/p>\n<p>Les nouveaux pav\u00e9s clairs du 23 avenue de la Lib\u00e9ration suscitent l\u2019enthousiasme g\u00e9n\u00e9ral. Ils \u00ab\u00a0illuminent et mettent en lumi\u00e8re les commerces\u00a0\u00bb, cr\u00e9ant un effet vitrine in\u00e9dit. Le primeur Arnaud Pallandre jubile : \u00ab\u00a0Avant cela faisait vieillot, \u00e7a va rajeunir le village.\u00a0\u00bb<\/p>\n<p>Bruno Gouttebel, patron de BG propret\u00e9, profite indirectement des travaux : \u00ab\u00a0J\u2019ai beaucoup de travail dans le centre-ville.\u00a0\u00bb Le boucher lui recommande m\u00eame de nettoyer les vitrines du primeur, cr\u00e9ant un cercle vertueux d\u2019embellissement.<\/p>\n<p><strong>Vision \u00e0 long terme<\/strong><\/p>\n<p>Le primeur projette d\u00e9j\u00e0 l\u2019apr\u00e8s-travaux : \u00ab\u00a0Avoir de belles vitrines, \u00e7a sera important. Toutes les trois semaines, je demanderai \u00e0 Bruno de venir laver les vitrines.\u00a0\u00bb Cette mont\u00e9e en gamme esth\u00e9tique accompagne la requalification urbaine. \u00ab\u00a0Les vieilles barri\u00e8res rouges qui longeaient son trottoir ne sont plus qu\u2019un lointain souvenir\u00a0\u00bb, symbolisant la transformation radicale en cours. Cette modernisation vise manifestement une attractivit\u00e9 commerciale renouvel\u00e9e.<\/p>\n","protected":false},"excerpt":{"rendered":"Par 31\u00b0C ce mercredi, l\u2019avenue de la Lib\u00e9ration transform\u00e9e en zone de chantier oblige les passants \u00e0 \u00ab\u00a0garder&hellip;\n","protected":false},"author":2,"featured_media":262323,"comment_status":"","ping_status":"","sticky":false,"template":"","format":"standard","meta":{"footnotes":""},"categories":[9653],"tags":[1111,11,2430,1777,674,10282,1011,27,3367,7357,12,25,9838,9669,4001],"class_list":{"0":"post-262322","1":"post","2":"type-post","3":"status-publish","4":"format-standard","5":"has-post-thumbnail","7":"category-saint-etienne","8":"tag-actu","9":"tag-actualites","10":"tag-auvergne-rhone-alpes","11":"tag-eu","12":"tag-europe","13":"tag-firminy","14":"tag-fr","15":"tag-france","16":"tag-loire","17":"tag-montbrison","18":"tag-news","19":"tag-republique-francaise","20":"tag-roanne","21":"tag-saint-chamond","22":"tag-saint-etienne"},"share_on_mastodon":{"url":"https:\/\/pubeurope.com\/@fr\/114888691099955801","error":""},"_links":{"self":[{"href":"https:\/\/www.europesays.com\/fr\/wp-json\/wp\/v2\/posts\/262322","targetHints":{"allow":["GET"]}}],"collection":[{"href":"https:\/\/www.europesays.com\/fr\/wp-json\/wp\/v2\/posts"}],"about":[{"href":"https:\/\/www.europesays.com\/fr\/wp-json\/wp\/v2\/types\/post"}],"author":[{"embeddable":true,"href":"https:\/\/www.europesays.com\/fr\/wp-json\/wp\/v2\/users\/2"}],"replies":[{"embeddable":true,"href":"https:\/\/www.europesays.com\/fr\/wp-json\/wp\/v2\/comments?post=262322"}],"version-history":[{"count":0,"href":"https:\/\/www.europesays.com\/fr\/wp-json\/wp\/v2\/posts\/262322\/revisions"}],"wp:featuredmedia":[{"embeddable":true,"href":"https:\/\/www.europesays.com\/fr\/wp-json\/wp\/v2\/media\/262323"}],"wp:attachment":[{"href":"https:\/\/www.europesays.com\/fr\/wp-json\/wp\/v2\/media?parent=262322"}],"wp:term":[{"taxonomy":"category","embeddable":true,"href":"https:\/\/www.europesays.com\/fr\/wp-json\/wp\/v2\/categories?post=262322"},{"taxonomy":"post_tag","embeddable":true,"href":"https:\/\/www.europesays.com\/fr\/wp-json\/wp\/v2\/tags?post=262322"}],"curies":[{"name":"wp","href":"https:\/\/api.w.org\/{rel}","templated":true}]}}