{"id":262325,"date":"2025-07-21T01:50:30","date_gmt":"2025-07-21T01:50:30","guid":{"rendered":"https:\/\/www.europesays.com\/fr\/262325\/"},"modified":"2025-07-21T01:50:30","modified_gmt":"2025-07-21T01:50:30","slug":"tout-savoir-sur-les-restrictions-lundi-et-mardi","status":"publish","type":"post","link":"https:\/\/www.europesays.com\/fr\/262325\/","title":{"rendered":"tout savoir sur les restrictions lundi et mardi"},"content":{"rendered":"<p>            Par<br \/>\n        <strong><br \/>\n            <a href=\"https:\/\/actu.fr\/auteur\/t-delbreil\" title=\"Consulter tous les articles de Th\u00e9o Delbreil\" rel=\"nofollow noopener\" target=\"_blank\">Th\u00e9o Delbreil<\/a><br \/>\n        <\/strong><\/p>\n<p>        Publi\u00e9 le<\/p>\n<p>            19 juil. 2025 \u00e0 13h28<br \/>\n        ; mis \u00e0 jour le 19 juil. 2025 \u00e0 14h04    <\/p>\n<p>Pour assurer la bonne tenue du <strong>Tour de France<\/strong> \u00e0 <strong>Montpellier<\/strong>, ce <strong>mardi 22 juillet<\/strong>, plusieurs <strong>mesures sont mises en place sur les routes<\/strong> d\u00e8s ce <strong>lundi 21 juillet<\/strong>, en plus des interdictions de stationnement d\u00e9j\u00e0 en \u0153uvre depuis le 17 juillet.\u00a0<\/p>\n<p>Circulation interdite jusqu\u2019\u00e0 15h mardi<\/p>\n<p class=\" wall-content\">\u00c0 compter du <strong>lundi 21 juillet<\/strong>, d\u00e8s <strong>5h<\/strong> du matin et <strong>jusqu\u2019\u00e0 13h le mardi 22 juillet<\/strong>, la <strong>circulation sera ferm\u00e9e<\/strong> dans la contre-all\u00e9e de l\u2019<strong>avenue Raymond Dugrand<\/strong> qui m\u00e8ne au parking Richter. Sur la <strong>voie de d\u00e9c\u00e9l\u00e9ration de l\u2019avenue Vincent Auriol<\/strong>, les v\u00e9hicules ne pourront plus circuler mardi, de <strong>8h jusqu\u2019\u00e0 15h<\/strong>.<\/p>\n<p class=\" wall-content\">Et puis le <strong>mardi 22 juillet<\/strong>, jour de course, une grosse vingtaine de routes, de places et de parkings seront ferm\u00e9s \u00e0 la circulation, <strong>entre 5h et 15h<\/strong> :\u00a0<\/p>\n<ul class=\" wall-content\">\n<li>Place du P\u00e8re Louis<\/li>\n<li>Rue de Th\u00e8bes Avenue du Pir\u00e9e\u00a0<\/li>\n<li>Rue de Rhodes<\/li>\n<li>Rue de Pos\u00e9idon<\/li>\n<li>Rue de l\u2019Acropole<\/li>\n<li>Esplanade de l\u2019Europe<\/li>\n<li>Rue des \u00c9tats G\u00e9n\u00e9raux<\/li>\n<li>Rue Vend\u00e9miaire jusqu\u2019au rond-point Christophe Colomb<\/li>\n<li>Rue professeur L\u00e9on Vallois\u00a0<\/li>\n<li>Avenue de N\u00eemes jusqu\u2019au Quai du Verdanson<\/li>\n<li>Rue Proudhon<\/li>\n<li>Place \u00c9mile Combes<\/li>\n<li>Rue du 81e R\u00e9giment d\u2019Infanterie<\/li>\n<li>Rue Saint-Vincent-de-Paul<\/li>\n<li>Route de Mende<\/li>\n<li>Avenue Jean Mermoz<\/li>\n<li>Rue L\u00e9on Blum<\/li>\n<li>Quai du Verdanson<\/li>\n<li>Parking de Richter<\/li>\n<li>Parking de Grammont<\/li>\n<li>Parking du Z\u00e9nith<\/li>\n<li>Parking de la Maison de la Po\u00e9sie<\/li>\n<li>Parking Pisistrate<\/li>\n<\/ul>\n<p>Vid\u00e9os : en ce moment sur Actu<\/p>\n<p class=\" wall-content\">Huit autres routes seront quant \u00e0 elles ferm\u00e9es ce mardi d\u00e8s minuit avant de rouvrir \u00e0 15h :\u00a0<\/p>\n<ul class=\" wall-content\">\n<li>All\u00e9e Manitas de Plata<\/li>\n<li>Avenue de Grammont<\/li>\n<li>Rond-point du Z\u00e9nith<\/li>\n<li>Avenue Pr\u00e9sident Pierre Mend\u00e8s France<\/li>\n<li>Rue Henri Pequet<\/li>\n<li>Avenue de la Pompignane<\/li>\n<li>Place Christophe Colomb\u00a0<\/li>\n<li>Place Ernest Granier<\/li>\n<\/ul>\n<p>Plus de stationnements d\u00e8s lundi\u00a0<\/p>\n<p class=\" wall-content\">\u00c0 partir de ce<strong> lundi 21 juillet<\/strong>, le <strong>stationnement des v\u00e9hicules est interdit<\/strong> sur l\u2019<strong>int\u00e9gralit\u00e9 du parcours<\/strong> fictif, de l\u2019<strong>esplanade de l\u2019Europe<\/strong> et jusqu\u2019\u00e0 <strong>Prades-le-Lez<\/strong>. Cela concerne donc la rue de Pos\u00e9idon, la rue L\u00e9on Blum, l\u2019avenue Jean Mermoz, l\u2019avenue de N\u00eemes, la rue Proudhon, la place \u00c9mile Combes, la rue Saint-Vincent-de-Paul ou encore la route de Mende. Pour retrouver le parcours complet avec toutes les rues, cliquez ici.\u00a0<\/p>\n<p>Changements d\u2019itin\u00e9raires des bus et tramways<\/p>\n<p class=\" wall-content\">Du c\u00f4t\u00e9 des tramways, aucun changement d\u2019itin\u00e9raires ou de station non desservie pour la <strong>ligne 3 qui circulera normalement<\/strong>, et c\u2019est bien la seule. Sur la <strong>ligne 1<\/strong>, de <strong>9h40 et jusqu\u2019\u00e0 13h<\/strong>, dans les deux sens, les stations <strong>Du Guesclin, Antigone, L\u00e9on Blum et Place de l\u2019Europe <\/strong>ne seront<strong> pas desservies<\/strong>, et le tramway sera empruntera les arr\u00eats Carnot, Voltaire et Rives du Lez.\u00a0<\/p>\n<p class=\" wall-content\">La <strong>ligne 2<\/strong> sera d\u00e9vi\u00e9e sur les m\u00eames horaires et les stations <strong>Com\u00e9die et Corum<\/strong> ne seront pas desservies. Enfin, la <strong>ligne 4<\/strong> ne sera pas desservie <strong>entre Place de l\u2019Europe et Observatoire<\/strong> de <strong>5h \u00e0 15h<\/strong>, et l\u2019itin\u00e9raire sera d\u00e9vi\u00e9 sur celui de la ligne 3 entre Rondelet et Moular\u00e8s.\u00a0<\/p>\n<p>    <img   decoding=\"async\" loading=\"lazy\" src=\"https:\/\/www.europesays.com\/fr\/wp-content\/uploads\/2025\/07\/modifications-tdf-reseau-tam-1-960x640.jpg\" alt=\"Modifications sur le r\u00e9seau TaM ce mardi 22 juillet. \" width=\"960\" height=\"640\"\/><br \/>\n    Modifications sur le r\u00e9seau TaM ce mardi 22 juillet. (\u00a9Ville de Montpellier)<\/p>\n<p class=\" wall-content\">Concernant les bus, les <strong>navettes 23, 26 et Agropolis<\/strong> seront suspendues jusqu\u2019\u00e0 15h. De <strong>8h jusqu\u2019\u00e0 15h<\/strong>, la <strong>ligne 22<\/strong> ne s\u2019arr\u00eatera pas entre les arr\u00eats Vincent Auriol et Montmaur, tandis que la <strong>ligne 16<\/strong> ne desservira pas Place de l\u2019Europe et Pont Juv\u00e9nal. Pas d\u2019arr\u00eat \u00e0 Henri Dunant, Major Flandre, Sainte-Catherine et Tourterelles pour la <strong>ligne 15<\/strong>, et les secteurs L\u00e9on Blum et Place de l\u2019Europe seront inaccessibles depuis la <strong>ligne 14<\/strong>.\u00a0\u00a0<\/p>\n<p class=\" wall-content\">Vous pouvez retrouver toutes les informations d\u00e9taill\u00e9es en vous rendant sur le <a href=\"https:\/\/www.montpellier.fr\/campagnes\/montpellier-ville-etape-du-tour-de-france-2025#301792a9-1113-42f3-90ed-fa0ee7ae4757\" rel=\"nofollow noopener\" target=\"_blank\">site de la ville<\/a>.\u00a0<\/p>\n<p class=\" wall-content\">Suivez toute l\u2019actualit\u00e9 de vos villes et m\u00e9dias favoris en vous inscrivant \u00e0 <a href=\"https:\/\/moncompte.actu.fr\" title=\"D\u00e9couvez Mon Actu\" rel=\"nofollow noopener\" data-trk=\"{&quot;cta&quot;:{&quot;action&quot;:&quot;https:\\\/\\\/moncompte.actu.fr&quot;,&quot;category&quot;:&quot;mon compte&quot;,&quot;from&quot;:&quot;article footer&quot;,&quot;name&quot;:&quot;Mon actu&quot;,&quot;type&quot;:&quot;cta&quot;}}\" target=\"_blank\">Mon Actu<\/a>.<\/p>\n","protected":false},"excerpt":{"rendered":"Par Th\u00e9o Delbreil Publi\u00e9 le 19 juil. 2025 \u00e0 13h28 ; mis \u00e0 jour le 19 juil. 2025&hellip;\n","protected":false},"author":2,"featured_media":262326,"comment_status":"","ping_status":"","sticky":false,"template":"","format":"standard","meta":{"footnotes":""},"categories":[9599],"tags":[1111,11,1777,674,3696,1011,27,2208,12,2680,25,210],"class_list":{"0":"post-262325","1":"post","2":"type-post","3":"status-publish","4":"format-standard","5":"has-post-thumbnail","7":"category-montpellier","8":"tag-actu","9":"tag-actualites","10":"tag-eu","11":"tag-europe","12":"tag-evenements","13":"tag-fr","14":"tag-france","15":"tag-montpellier","16":"tag-news","17":"tag-occitanie","18":"tag-republique-francaise","19":"tag-tour-de-france"},"share_on_mastodon":{"url":"https:\/\/pubeurope.com\/@fr\/114888718683247372","error":""},"_links":{"self":[{"href":"https:\/\/www.europesays.com\/fr\/wp-json\/wp\/v2\/posts\/262325","targetHints":{"allow":["GET"]}}],"collection":[{"href":"https:\/\/www.europesays.com\/fr\/wp-json\/wp\/v2\/posts"}],"about":[{"href":"https:\/\/www.europesays.com\/fr\/wp-json\/wp\/v2\/types\/post"}],"author":[{"embeddable":true,"href":"https:\/\/www.europesays.com\/fr\/wp-json\/wp\/v2\/users\/2"}],"replies":[{"embeddable":true,"href":"https:\/\/www.europesays.com\/fr\/wp-json\/wp\/v2\/comments?post=262325"}],"version-history":[{"count":0,"href":"https:\/\/www.europesays.com\/fr\/wp-json\/wp\/v2\/posts\/262325\/revisions"}],"wp:featuredmedia":[{"embeddable":true,"href":"https:\/\/www.europesays.com\/fr\/wp-json\/wp\/v2\/media\/262326"}],"wp:attachment":[{"href":"https:\/\/www.europesays.com\/fr\/wp-json\/wp\/v2\/media?parent=262325"}],"wp:term":[{"taxonomy":"category","embeddable":true,"href":"https:\/\/www.europesays.com\/fr\/wp-json\/wp\/v2\/categories?post=262325"},{"taxonomy":"post_tag","embeddable":true,"href":"https:\/\/www.europesays.com\/fr\/wp-json\/wp\/v2\/tags?post=262325"}],"curies":[{"name":"wp","href":"https:\/\/api.w.org\/{rel}","templated":true}]}}