{"id":262339,"date":"2025-07-21T02:04:57","date_gmt":"2025-07-21T02:04:57","guid":{"rendered":"https:\/\/www.europesays.com\/fr\/262339\/"},"modified":"2025-07-21T02:04:57","modified_gmt":"2025-07-21T02:04:57","slug":"plus-de-30-degres-et-des-risques-daverses-voici-la-meteo-qui-vous-attend-ce-week-end-dans-les-alpes-maritimes","status":"publish","type":"post","link":"https:\/\/www.europesays.com\/fr\/262339\/","title":{"rendered":"Plus de 30 degr\u00e9s et des risques d&rsquo;averses&#8230; Voici la m\u00e9t\u00e9o qui vous attend ce week-end dans les Alpes-Maritimes"},"content":{"rendered":"<p>Alors que ce week-end du 20 juillet marque le <strong>chass\u00e9-crois\u00e9 pour les vacances,<\/strong> le temps sera lui en demi-teinte dans le sud-est de la France.\u00a0<\/p>\n<p>Si les<strong> temp\u00e9ratures resteront relativement \u00e9lev\u00e9es<\/strong> sur l&rsquo;ensemble des Alpes-Maritimes, le <strong>ciel<\/strong> sera quant \u00e0 lui plus <strong>mitig\u00e9<\/strong>. Malgr\u00e9 de belles \u00e9claircies,<strong> le temps pourrait bien tourner \u00e0 l&rsquo;orage<\/strong> notamment dans l&rsquo;arri\u00e8re-pays ni\u00e7ois.\u00a0<\/p>\n<p><strong>Vendredi 18 juillet\u00a0<\/strong><\/p>\n<p>Le soleil et le ciel r\u00e8gnent en ma\u00eetre ce vendredi dans les Alpes-Maritimes. C\u00f4t\u00e9 temp\u00e9ratures, il fera jusqu&rsquo;\u00e0 <strong>32 degr\u00e9s<\/strong> \u00e0 <strong>Antibes<\/strong> et<strong> 29 degr\u00e9s en moyenne sur la C\u00f4te d&rsquo;Azur.<\/strong><\/p>\n<p>Dans l&rsquo;arri\u00e8re-pays on atteindra les <strong>34 degr\u00e9s \u00e0 Guillaumes et Saint-Sauveur-de-Tin\u00e9e,<\/strong> <strong>plus de 30 degr\u00e9s<\/strong> attendus sur le reste du d\u00e9partement.\u00a0<\/p>\n<p><strong>Samedi 19 juillet\u00a0<\/strong><\/p>\n<p>Pour d\u00e9buter le week-end, le temps sera un peu plus instable, notamment <strong>sur la moiti\u00e9 nord du d\u00e9partement<\/strong> avec des<strong> risques d&rsquo;averses<\/strong> dans l&rsquo;apr\u00e8s-midi et m\u00eame des <strong>orages<\/strong> \u00e0 <strong>Saint-Etienne-de-Tin\u00e9e.<\/strong><\/p>\n<p>M\u00e9t\u00e9o France a d&rsquo;ailleurs plac\u00e9 le d\u00e9partement en vigilance jaune aux orages ce samedi. L&rsquo;alerte m\u00e9t\u00e9o entrera en vigueur \u00e0 partir de 9h et se poursuivra jusqu&rsquo;en milieu d&rsquo;apr\u00e8s-midi \u00e0 15h00.\u00a0<\/p>\n<p>C\u00f4t\u00e9 temp\u00e9ratures, <strong>moins de 30 degr\u00e9s<\/strong> selon les premi\u00e8res pr\u00e9visions de M\u00e9t\u00e9o France sur le <strong>littoral<\/strong> et jusqu&rsquo;\u00e0 <strong>32 degr\u00e9s dans l&rsquo;arri\u00e8re-pays.\u00a0<\/strong><\/p>\n<p><strong>Dimanche 20 juillet\u00a0<\/strong><\/p>\n<p>Une journ\u00e9e similaire \u00e0 la veille avec globalement de<strong> belles \u00e9claircies<\/strong> mais un risque d&rsquo;averse sur la partie nord-ouest du territoire maralpin. Une maximale de <strong>33 degr\u00e9s dans les terres<\/strong> et p<strong>as plus de 30 degr\u00e9s pr\u00e8s des c\u00f4tes.\u00a0<\/strong><\/p>\n<p>La r\u00e9daction vous souhaite une belle journ\u00e9e et un bon week-end!\u00a0<\/p>\n","protected":false},"excerpt":{"rendered":"Alors que ce week-end du 20 juillet marque le chass\u00e9-crois\u00e9 pour les vacances, le temps sera lui en&hellip;\n","protected":false},"author":2,"featured_media":262340,"comment_status":"","ping_status":"","sticky":false,"template":"","format":"standard","meta":{"footnotes":""},"categories":[2819],"tags":[1111,11,1777,674,1011,27,2487,12,2401,882,25],"class_list":{"0":"post-262339","1":"post","2":"type-post","3":"status-publish","4":"format-standard","5":"has-post-thumbnail","7":"category-nice","8":"tag-actu","9":"tag-actualites","10":"tag-eu","11":"tag-europe","12":"tag-fr","13":"tag-france","14":"tag-meteo","15":"tag-news","16":"tag-nice","17":"tag-provence-alpes-cote-dazur","18":"tag-republique-francaise"},"share_on_mastodon":{"url":"https:\/\/pubeurope.com\/@fr\/114888777584068629","error":""},"_links":{"self":[{"href":"https:\/\/www.europesays.com\/fr\/wp-json\/wp\/v2\/posts\/262339","targetHints":{"allow":["GET"]}}],"collection":[{"href":"https:\/\/www.europesays.com\/fr\/wp-json\/wp\/v2\/posts"}],"about":[{"href":"https:\/\/www.europesays.com\/fr\/wp-json\/wp\/v2\/types\/post"}],"author":[{"embeddable":true,"href":"https:\/\/www.europesays.com\/fr\/wp-json\/wp\/v2\/users\/2"}],"replies":[{"embeddable":true,"href":"https:\/\/www.europesays.com\/fr\/wp-json\/wp\/v2\/comments?post=262339"}],"version-history":[{"count":0,"href":"https:\/\/www.europesays.com\/fr\/wp-json\/wp\/v2\/posts\/262339\/revisions"}],"wp:featuredmedia":[{"embeddable":true,"href":"https:\/\/www.europesays.com\/fr\/wp-json\/wp\/v2\/media\/262340"}],"wp:attachment":[{"href":"https:\/\/www.europesays.com\/fr\/wp-json\/wp\/v2\/media?parent=262339"}],"wp:term":[{"taxonomy":"category","embeddable":true,"href":"https:\/\/www.europesays.com\/fr\/wp-json\/wp\/v2\/categories?post=262339"},{"taxonomy":"post_tag","embeddable":true,"href":"https:\/\/www.europesays.com\/fr\/wp-json\/wp\/v2\/tags?post=262339"}],"curies":[{"name":"wp","href":"https:\/\/api.w.org\/{rel}","templated":true}]}}