{"id":262350,"date":"2025-07-21T02:18:40","date_gmt":"2025-07-21T02:18:40","guid":{"rendered":"https:\/\/www.europesays.com\/fr\/262350\/"},"modified":"2025-07-21T02:18:40","modified_gmt":"2025-07-21T02:18:40","slug":"deces-compatible-avec-une-chute-enfant-proche-du-berceau-ce-que-lon-sait","status":"publish","type":"post","link":"https:\/\/www.europesays.com\/fr\/262350\/","title":{"rendered":"d\u00e9c\u00e8s \u00ab\u00a0compatible avec une chute\u00a0\u00bb, enfant proche du berceau\u2026 Ce que l&rsquo;on sait"},"content":{"rendered":"<p class=\"rev-margin-0 rev-text-xs-normal\">Une petite fille de cinq jours, n\u00e9e pr\u00e9matur\u00e9e, est d\u00e9c\u00e9d\u00e9e d\u2019un traumatisme cranio-enc\u00e9phalique au CHU de Lille.<\/p>\n<p class=\"rev-margin-0 rev-text-xs-bold\">Illustration \/ LP &#8211; Eric Camoin<\/p>\n<p>Les premiers \u00e9l\u00e9ments de l\u2019enqu\u00eate r\u00e9v\u00e8lent que \u00ab\u00a0le nourrisson est d\u00e9c\u00e9d\u00e9 d\u2019un traumatisme cranio-enc\u00e9phalique tr\u00e8s s\u00e9v\u00e8re, compatible avec une chute au sol\u00a0\u00bb, indique ce vendredi 18\u00a0juillet la procureure de la R\u00e9publique Carole Etienne. La petite fille de cinq jours, n\u00e9e pr\u00e9matur\u00e9e, avait \u00e9t\u00e9 <a href=\"https:\/\/www.laprovence.com\/article\/faits-divers-justice\/1061961860151215\/un-nourrisson-meurt-a-la-maternite-de-lhopital-de-lille-un-petit-garcon-avait-joue-avec-le-bebe-selon-la-famille\" target=\"_blank\" rel=\"noopener\">retrouv\u00e9e bless\u00e9 par terre <\/a>dans un service de n\u00e9onatologie du CHU de Lille.<\/p>\n<p>Le parquet confirme les d\u00e9clarations de la famille du nourrisson, qui a point\u00e9 le comportement perturbateur du fr\u00e8re d\u2019un autre enfant pr\u00e8s du berceau au moment des faits, qui se sont d\u00e9roul\u00e9s le 11\u00a0juillet en fin de matin\u00e9e.\u00a0Un \u00ab\u00a0enfant de six ans, membre d\u2019une autre famille, a effectivement \u00e9t\u00e9 vu \u00e0 proximit\u00e9 du berceau et de l\u2019enfant au sol\u00a0\u00bb, indique la procureure.<\/p>\n<p>L\u2019enqu\u00eate se poursuit<\/p>\n<p>L\u2019enqu\u00eate ouverte pour \u00ab\u00a0recherche des causes de la mort\u00a0\u00bb \u00ab\u00a0se poursuit par de nombreuses diligences et auditions\u00a0\u00bb, indique le parquet.<\/p>\n<p>Le centre hospitalier, \u00e9voquant dans un communiqu\u00e9 de presse mercredi 16\u00a0juillet \u00ab\u00a0un \u00e9v\u00e9nement exceptionnel particuli\u00e8rement grave et bouleversant, non li\u00e9 aux soins\u00a0\u00bb, a qu&rsquo;il a pris \u00ab\u00a0des mesures de stricte limitation des visites au sein des unit\u00e9s de n\u00e9onatologie\u00a0\u00bb et mis en place un soutien psychologique.<\/p>\n<p>La famille\u00a0du nourrisson, qui n\u2019a pas encore d\u00e9cid\u00e9 de porter plainte ou non, a appel\u00e9 l\u2019h\u00f4pital \u00e0\u00a0\u00ab\u00a0assumer sa responsabilit\u00e9\u00a0\u00bb pour que \u00ab\u00a0cela n\u2019arrive plus jamais\u00a0\u00bb.<\/p>\n<p>Des locaux v\u00e9tustes et un manque d\u2019attention<\/p>\n<p>Ils d\u00e9plorent notamment \u00ab\u00a0la v\u00e9tust\u00e9 des locaux\u00a0\u00bb, a indiqu\u00e9 une cousine du p\u00e8re du b\u00e9b\u00e9, Karima Farhi, soulignant que les infirmi\u00e8res ne disposent pas de vitre permettant de surveiller en permanence des enfants hospitalis\u00e9s loin de leurs m\u00e8res et confi\u00e9s \u00e0 leur responsabilit\u00e9.<\/p>\n<p>Elle souligne en outre que \u00ab\u00a0le personnel m\u00e9dical avait \u00e9t\u00e9 pr\u00e9venu\u00a0\u00bb du \u00ab\u00a0comportement anormal depuis plusieurs jours\u00a0\u00bb du gar\u00e7onnet, d\u00e9j\u00e0 vu \u00e0 proximit\u00e9 de la petite Zayneb, \u00ab\u00a0qu\u2019il appelait +\u00a0ma poup\u00e9e +\u00a0\u00ab\u00a0. Ce qui n\u2019a pas emp\u00each\u00e9 sa pr\u00e9sence dans le service le 11\u00a0juillet en fin de matin\u00e9e alors que les visites n\u2019y sont autoris\u00e9es qu\u2019\u00e0 partir de midi, selon elle.<\/p>\n<p>La famille a lanc\u00e9 vendredi un \u00ab\u00a0appel \u00e0 t\u00e9moins\u00a0\u00bb aux parents dont les enfants ont \u00e9t\u00e9 hospitalis\u00e9s \u00e0 Jeanne de Flandre, et \u00ab\u00a0qui ont pu constater ou vivre le manque de s\u00e9curit\u00e9 et de surveillance des b\u00e9b\u00e9s\u00a0\u00bb, les appelant \u00e0 contacter le parquet de Lille.<\/p>\n","protected":false},"excerpt":{"rendered":"Une petite fille de cinq jours, n\u00e9e pr\u00e9matur\u00e9e, est d\u00e9c\u00e9d\u00e9e d\u2019un traumatisme cranio-enc\u00e9phalique au CHU de Lille. Illustration&hellip;\n","protected":false},"author":2,"featured_media":262351,"comment_status":"","ping_status":"","sticky":false,"template":"","format":"standard","meta":{"footnotes":""},"categories":[2815],"tags":[17,1111,11,3396,3493,40212,3983,1777,674,274,1011,27,811,7419,1307,18,12,25],"class_list":{"0":"post-262350","1":"post","2":"type-post","3":"status-publish","4":"format-standard","5":"has-post-thumbnail","7":"category-lille","8":"tag-17","9":"tag-actu","10":"tag-actualites","11":"tag-avec","12":"tag-bebe","13":"tag-compatible","14":"tag-deces","15":"tag-eu","16":"tag-europe","17":"tag-faits-divers-justice","18":"tag-fr","19":"tag-france","20":"tag-hauts-de-france","21":"tag-lhopital","22":"tag-lille","23":"tag-mort","24":"tag-news","25":"tag-republique-francaise"},"share_on_mastodon":{"url":"https:\/\/pubeurope.com\/@fr\/114888828733263336","error":""},"_links":{"self":[{"href":"https:\/\/www.europesays.com\/fr\/wp-json\/wp\/v2\/posts\/262350","targetHints":{"allow":["GET"]}}],"collection":[{"href":"https:\/\/www.europesays.com\/fr\/wp-json\/wp\/v2\/posts"}],"about":[{"href":"https:\/\/www.europesays.com\/fr\/wp-json\/wp\/v2\/types\/post"}],"author":[{"embeddable":true,"href":"https:\/\/www.europesays.com\/fr\/wp-json\/wp\/v2\/users\/2"}],"replies":[{"embeddable":true,"href":"https:\/\/www.europesays.com\/fr\/wp-json\/wp\/v2\/comments?post=262350"}],"version-history":[{"count":0,"href":"https:\/\/www.europesays.com\/fr\/wp-json\/wp\/v2\/posts\/262350\/revisions"}],"wp:featuredmedia":[{"embeddable":true,"href":"https:\/\/www.europesays.com\/fr\/wp-json\/wp\/v2\/media\/262351"}],"wp:attachment":[{"href":"https:\/\/www.europesays.com\/fr\/wp-json\/wp\/v2\/media?parent=262350"}],"wp:term":[{"taxonomy":"category","embeddable":true,"href":"https:\/\/www.europesays.com\/fr\/wp-json\/wp\/v2\/categories?post=262350"},{"taxonomy":"post_tag","embeddable":true,"href":"https:\/\/www.europesays.com\/fr\/wp-json\/wp\/v2\/tags?post=262350"}],"curies":[{"name":"wp","href":"https:\/\/api.w.org\/{rel}","templated":true}]}}