{"id":262356,"date":"2025-07-21T02:21:22","date_gmt":"2025-07-21T02:21:22","guid":{"rendered":"https:\/\/www.europesays.com\/fr\/262356\/"},"modified":"2025-07-21T02:21:22","modified_gmt":"2025-07-21T02:21:22","slug":"quand-lehpad-devient-un-lieu-de-vacances-pour-les-personnes-agees","status":"publish","type":"post","link":"https:\/\/www.europesays.com\/fr\/262356\/","title":{"rendered":"quand l\u2019Ehpad devient un lieu de vacances pour les personnes \u00e2g\u00e9es"},"content":{"rendered":"<p>\u00ab\u00a0D\u2019habitude, je ne vis pas ici. J\u2019habite aux \u00c9tats-Unis depuis 51 ans\u00a0\u00bb, glisse d\u2019un air espi\u00e8gle Jocelyne, sans pr\u00e9ciser qu\u2019elle parle du quartier du 8e\u00a0 arrondissement de Lyon.<\/p>\n<p>\u00c2g\u00e9e de 81 ans, la vieille dame aime faire des blagues. L\u2019accident dont elle a \u00e9t\u00e9 victime, il y a deux mois, n\u2019a pas entam\u00e9 \u00e0 sa bonne humeur, si ce n\u2019est qu\u2019elle en veut au chauffeur de la camionnette qui l\u2019a renvers\u00e9e de ne s\u2019\u00eatre \u00ab\u00a0m\u00eame pas excus\u00e9\u00a0\u00bb. Souffrant de deux fractures au bassin, Jocelyne a \u00e9t\u00e9 hospitalis\u00e9e 45 jours. \u00ab\u00a0Puis le m\u00e9decin a dit qu\u2019il fallait que je vienne ici pour me reposer. Je n\u2019ai pas fait d\u2019histoire\u00a0\u00bb, raconte l\u2019octog\u00e9naire.<\/p>\n<p>Arriv\u00e9e le 23\u00a0juin \u00e0 la r\u00e9sidence Bel Age de&#8230;<\/p>\n","protected":false},"excerpt":{"rendered":"\u00ab\u00a0D\u2019habitude, je ne vis pas ici. J\u2019habite aux \u00c9tats-Unis depuis 51 ans\u00a0\u00bb, glisse d\u2019un air espi\u00e8gle Jocelyne, sans&hellip;\n","protected":false},"author":2,"featured_media":262357,"comment_status":"","ping_status":"","sticky":false,"template":"","format":"standard","meta":{"footnotes":""},"categories":[1889],"tags":[1111,11,2430,2757,1777,674,107,1011,27,2428,2756,12,25,2429,71,4604,3151],"class_list":{"0":"post-262356","1":"post","2":"type-post","3":"status-publish","4":"format-standard","5":"has-post-thumbnail","7":"category-lyon","8":"tag-actu","9":"tag-actualites","10":"tag-auvergne-rhone-alpes","11":"tag-edition-lyon-villeurbanne","12":"tag-eu","13":"tag-europe","14":"tag-fil-info","15":"tag-fr","16":"tag-france","17":"tag-lyon","18":"tag-lyon-bassin","19":"tag-news","20":"tag-republique-francaise","21":"tag-rhone","22":"tag-sante","23":"tag-selection-abonne","24":"tag-selection-de-la-redaction-69"},"share_on_mastodon":{"url":"https:\/\/pubeurope.com\/@fr\/114888840517806839","error":""},"_links":{"self":[{"href":"https:\/\/www.europesays.com\/fr\/wp-json\/wp\/v2\/posts\/262356","targetHints":{"allow":["GET"]}}],"collection":[{"href":"https:\/\/www.europesays.com\/fr\/wp-json\/wp\/v2\/posts"}],"about":[{"href":"https:\/\/www.europesays.com\/fr\/wp-json\/wp\/v2\/types\/post"}],"author":[{"embeddable":true,"href":"https:\/\/www.europesays.com\/fr\/wp-json\/wp\/v2\/users\/2"}],"replies":[{"embeddable":true,"href":"https:\/\/www.europesays.com\/fr\/wp-json\/wp\/v2\/comments?post=262356"}],"version-history":[{"count":0,"href":"https:\/\/www.europesays.com\/fr\/wp-json\/wp\/v2\/posts\/262356\/revisions"}],"wp:featuredmedia":[{"embeddable":true,"href":"https:\/\/www.europesays.com\/fr\/wp-json\/wp\/v2\/media\/262357"}],"wp:attachment":[{"href":"https:\/\/www.europesays.com\/fr\/wp-json\/wp\/v2\/media?parent=262356"}],"wp:term":[{"taxonomy":"category","embeddable":true,"href":"https:\/\/www.europesays.com\/fr\/wp-json\/wp\/v2\/categories?post=262356"},{"taxonomy":"post_tag","embeddable":true,"href":"https:\/\/www.europesays.com\/fr\/wp-json\/wp\/v2\/tags?post=262356"}],"curies":[{"name":"wp","href":"https:\/\/api.w.org\/{rel}","templated":true}]}}