{"id":262358,"date":"2025-07-21T02:22:23","date_gmt":"2025-07-21T02:22:23","guid":{"rendered":"https:\/\/www.europesays.com\/fr\/262358\/"},"modified":"2025-07-21T02:22:23","modified_gmt":"2025-07-21T02:22:23","slug":"pres-de-lyon-un-homme-tue-au-couteau-un-suspect-place-en-garde-a-vue","status":"publish","type":"post","link":"https:\/\/www.europesays.com\/fr\/262358\/","title":{"rendered":"Pr\u00e8s de Lyon : un homme tu\u00e9 au couteau, un suspect plac\u00e9 en garde \u00e0 vue"},"content":{"rendered":"<p>Un homme de 35 ans est mort poignard\u00e9 samedi matin \u00e0 Saint-Fons, au sud de Lyon. Un jeune de 24 ans s&rsquo;est rendu \u00e0 la police dans l&rsquo;apr\u00e8s-midi. Il a \u00e9t\u00e9 plac\u00e9 en garde \u00e0 vue.<\/p>\n<p>Le drame s&rsquo;est produit samedi 19 juillet, vers 5h20 du matin, rue \u00c9mile Zola, dans le quartier de l&rsquo;Arsenal \u00e0 Saint-Fons, pr\u00e8s de Lyon.<\/p>\n<p>Un homme tu\u00e9 \u00e0 Saint-Fons<\/p>\n<p>Les secours ont d\u00e9couvert un homme de 35 ans, gri\u00e8vement bless\u00e9 au thorax. Malgr\u00e9 leur intervention, il n&rsquo;a pas surv\u00e9cu.<\/p>\n<p>La victime aurait \u00e9t\u00e9 bless\u00e9e au couteau lors d&rsquo;une rixe sur la voie publique.<\/p>\n<p>Un second homme, bless\u00e9 \u00e0 l&rsquo;abdomen, a \u00e9galement \u00e9t\u00e9 pris en charge. Ses jours ne sont pas en danger.<\/p>\n<p>Un suspect se rend \u00e0 la police<\/p>\n<p>Quelques heures plus tard, vers 15h, un homme de 24 ans s&rsquo;est pr\u00e9sent\u00e9 de lui-m\u00eame au commissariat, d\u00e9clarant \u00eatre l&rsquo;auteur du coup mortel. Il a \u00e9t\u00e9 plac\u00e9 en garde \u00e0 vue selon le parquet de Lyon.<\/p>\n<p>Les deux victimes sont connues des services de police. Le parquet a ouvert une enqu\u00eate pour homicide volontaire. Elle a \u00e9t\u00e9 confi\u00e9e \u00e0 la division de la criminalit\u00e9 territoriale du Rh\u00f4ne.<\/p>\n<p><img loading=\"lazy\" decoding=\"async\" src=\"https:\/\/www.europesays.com\/fr\/wp-content\/uploads\/2025\/07\/1753064543_333_img\" width=\"350\" height=\"200\" border=\"0\" title=\"Les gendarmes ont contr\u00c3\u00b4l\u00c3\u00a9 un conducteur \u00c3\u00a0 160 km\/h et positif au cannabis pr\u00c3\u00a8s de Lyon\"\/><\/p>\n<p>\u25baFaits divers<\/p>\n<p style=\"font-size: 22px;\"><b>Pr\u00e8s de Lyon : avec de la drogue dans la voiture, il est contr\u00f4l\u00e9 \u00e0 160 km\/h<\/b><\/p>\n<p>Un conducteur a \u00e9t\u00e9 contr\u00f4l\u00e9 \u00e0 une vitesse&#8230;<\/p>\n<p><\/p>\n","protected":false},"excerpt":{"rendered":"Un homme de 35 ans est mort poignard\u00e9 samedi matin \u00e0 Saint-Fons, au sud de Lyon. Un jeune&hellip;\n","protected":false},"author":2,"featured_media":262359,"comment_status":"","ping_status":"","sticky":false,"template":"","format":"standard","meta":{"footnotes":""},"categories":[1889],"tags":[1111,11,2430,7623,1777,674,1011,27,10085,2428,12,1072,25,12592,16022],"class_list":{"0":"post-262358","1":"post","2":"type-post","3":"status-publish","4":"format-standard","5":"has-post-thumbnail","7":"category-lyon","8":"tag-actu","9":"tag-actualites","10":"tag-auvergne-rhone-alpes","11":"tag-coup-de-couteau","12":"tag-eu","13":"tag-europe","14":"tag-fr","15":"tag-france","16":"tag-garde-vue","17":"tag-lyon","18":"tag-news","19":"tag-police","20":"tag-republique-francaise","21":"tag-saint-fons","22":"tag-suspect"},"share_on_mastodon":{"url":"https:\/\/pubeurope.com\/@fr\/114888844436582097","error":""},"_links":{"self":[{"href":"https:\/\/www.europesays.com\/fr\/wp-json\/wp\/v2\/posts\/262358","targetHints":{"allow":["GET"]}}],"collection":[{"href":"https:\/\/www.europesays.com\/fr\/wp-json\/wp\/v2\/posts"}],"about":[{"href":"https:\/\/www.europesays.com\/fr\/wp-json\/wp\/v2\/types\/post"}],"author":[{"embeddable":true,"href":"https:\/\/www.europesays.com\/fr\/wp-json\/wp\/v2\/users\/2"}],"replies":[{"embeddable":true,"href":"https:\/\/www.europesays.com\/fr\/wp-json\/wp\/v2\/comments?post=262358"}],"version-history":[{"count":0,"href":"https:\/\/www.europesays.com\/fr\/wp-json\/wp\/v2\/posts\/262358\/revisions"}],"wp:featuredmedia":[{"embeddable":true,"href":"https:\/\/www.europesays.com\/fr\/wp-json\/wp\/v2\/media\/262359"}],"wp:attachment":[{"href":"https:\/\/www.europesays.com\/fr\/wp-json\/wp\/v2\/media?parent=262358"}],"wp:term":[{"taxonomy":"category","embeddable":true,"href":"https:\/\/www.europesays.com\/fr\/wp-json\/wp\/v2\/categories?post=262358"},{"taxonomy":"post_tag","embeddable":true,"href":"https:\/\/www.europesays.com\/fr\/wp-json\/wp\/v2\/tags?post=262358"}],"curies":[{"name":"wp","href":"https:\/\/api.w.org\/{rel}","templated":true}]}}