{"id":262360,"date":"2025-07-21T02:25:16","date_gmt":"2025-07-21T02:25:16","guid":{"rendered":"https:\/\/www.europesays.com\/fr\/262360\/"},"modified":"2025-07-21T02:25:16","modified_gmt":"2025-07-21T02:25:16","slug":"le-havre-un-homme-dune-trentaine-dannees-tue-par-balle-une-enquete-ouverte","status":"publish","type":"post","link":"https:\/\/www.europesays.com\/fr\/262360\/","title":{"rendered":"Le\u00a0Havre\u00a0: un homme d\u2019une trentaine d\u2019ann\u00e9es tu\u00e9 par balle, une enqu\u00eate ouverte"},"content":{"rendered":"<p class=\"paragraph text_align_left lp-f-body-02\">Une enqu\u00eate a \u00e9t\u00e9 ouverte apr\u00e8s la mort par balle <a href=\"https:\/\/www.leparisien.fr\/seine-maritime-76\/plus-de-2-tonnes-de-cocaine-saisies-au-port-du-havre-un-docker-et-un-chauffeur-routier-mis-en-examen-03-01-2025-3XCS5IXYFRD45CNP6XW6GMG2TQ.php\" target=\"_self\" rel=\"noopener\">au Havre<\/a> (Seine-Maritime) d\u2019un homme, a indiqu\u00e9 la procureure de la R\u00e9publique du Havre, Soizic Guillaume, \u00e0 l\u2019Agence France-Presse (AFP) ce dimanche. La victime, \u00e2g\u00e9e d\u2019une trentaine d\u2019ann\u00e9es et originaire de Rennes, \u00e9tait connue pour des faits de trafic de stup\u00e9fiants.<\/p>\n<p class=\"paragraph text_align_left lp-f-body-02\">Les faits sont survenus \u00ab peu avant 21 heures \u00bb, samedi. \u00ab Un homme bless\u00e9 par balle a \u00e9t\u00e9 d\u00e9pos\u00e9 aux urgences du CH Monod, il se trouvait en urgence absolue \u00bb. Il est d\u00e9c\u00e9d\u00e9 ce dimanche \u00ab dans l\u2019apr\u00e8s-midi \u00bb, a pr\u00e9cis\u00e9 la procureure.<\/p>\n<p class=\"paragraph text_align_left lp-f-body-02\">Selon une source polici\u00e8re \u00e0 l\u2019AFP, la victime, qui pr\u00e9sentait au moins deux plaies par balle dans le dos, aurait \u00e9t\u00e9 d\u00e9pos\u00e9e par deux personnes aux urgences. Ces derni\u00e8res auraient ensuite pris la fuite.<\/p>\n<p class=\"paragraph text_align_left lp-f-body-02\">Une enqu\u00eate a \u00e9t\u00e9 ouverte, confi\u00e9e \u00e0 l\u2019antenne de la police judiciaire du Havre, du chef d\u2019homicide volontaire, a ajout\u00e9 la procureure. Les investigations se poursuivent et aucune piste n\u2019est en l\u2019\u00e9tat privil\u00e9gi\u00e9e.<\/p>\n","protected":false},"excerpt":{"rendered":"Une enqu\u00eate a \u00e9t\u00e9 ouverte apr\u00e8s la mort par balle au Havre (Seine-Maritime) d\u2019un homme, a indiqu\u00e9 la&hellip;\n","protected":false},"author":2,"featured_media":70572,"comment_status":"","ping_status":"","sticky":false,"template":"","format":"standard","meta":{"footnotes":""},"categories":[1888],"tags":[1111,1928,11,1927,459,1777,674,118,1011,27,12,1926,626,1925,25,11074],"class_list":{"0":"post-262360","1":"post","2":"type-post","3":"status-publish","4":"format-standard","5":"has-post-thumbnail","7":"category-paris","8":"tag-actu","9":"tag-actu-paris","10":"tag-actualites","11":"tag-actualites-paris","12":"tag-departements-horsidfo","13":"tag-eu","14":"tag-europe","15":"tag-faits-divers","16":"tag-fr","17":"tag-france","18":"tag-news","19":"tag-news-paris","20":"tag-paris","21":"tag-paris-news","22":"tag-republique-francaise","23":"tag-seine-maritime-76"},"share_on_mastodon":{"url":"https:\/\/pubeurope.com\/@fr\/114888856226340790","error":""},"_links":{"self":[{"href":"https:\/\/www.europesays.com\/fr\/wp-json\/wp\/v2\/posts\/262360","targetHints":{"allow":["GET"]}}],"collection":[{"href":"https:\/\/www.europesays.com\/fr\/wp-json\/wp\/v2\/posts"}],"about":[{"href":"https:\/\/www.europesays.com\/fr\/wp-json\/wp\/v2\/types\/post"}],"author":[{"embeddable":true,"href":"https:\/\/www.europesays.com\/fr\/wp-json\/wp\/v2\/users\/2"}],"replies":[{"embeddable":true,"href":"https:\/\/www.europesays.com\/fr\/wp-json\/wp\/v2\/comments?post=262360"}],"version-history":[{"count":0,"href":"https:\/\/www.europesays.com\/fr\/wp-json\/wp\/v2\/posts\/262360\/revisions"}],"wp:featuredmedia":[{"embeddable":true,"href":"https:\/\/www.europesays.com\/fr\/wp-json\/wp\/v2\/media\/70572"}],"wp:attachment":[{"href":"https:\/\/www.europesays.com\/fr\/wp-json\/wp\/v2\/media?parent=262360"}],"wp:term":[{"taxonomy":"category","embeddable":true,"href":"https:\/\/www.europesays.com\/fr\/wp-json\/wp\/v2\/categories?post=262360"},{"taxonomy":"post_tag","embeddable":true,"href":"https:\/\/www.europesays.com\/fr\/wp-json\/wp\/v2\/tags?post=262360"}],"curies":[{"name":"wp","href":"https:\/\/api.w.org\/{rel}","templated":true}]}}