{"id":262372,"date":"2025-07-21T02:32:10","date_gmt":"2025-07-21T02:32:10","guid":{"rendered":"https:\/\/www.europesays.com\/fr\/262372\/"},"modified":"2025-07-21T02:32:10","modified_gmt":"2025-07-21T02:32:10","slug":"vers-une-reduction-de-la-pollution-due-aux-eaux-usees-dici-cinq-ans","status":"publish","type":"post","link":"https:\/\/www.europesays.com\/fr\/262372\/","title":{"rendered":"Vers une r\u00e9duction de la pollution due aux eaux us\u00e9es d&rsquo;ici cinq ans"},"content":{"rendered":"<p>&#13;<br \/>\n                            Royaume-Uni&#13;\n                        <\/p>\n<p>&#13;<br \/>\n                        Vers une r\u00e9duction de la pollution due aux eaux us\u00e9es d&rsquo;ici cinq ans&#13;\n                    <\/p>\n<p style=\"text-align:\">Le gouvernement britannique a promis dimanche 20 juillet de r\u00e9duire de moiti\u00e9 d&rsquo;ici \u00e0 2030 la pollution caus\u00e9e par des compagnies des eaux, critiqu\u00e9es depuis des ann\u00e9es pour le d\u00e9versement de quantit\u00e9s importantes d&rsquo;eaux us\u00e9es dans les rivi\u00e8res et en mer.<\/p>\n<p><a href=\"https:\/\/lecourrier.vn\/royaume-uni-recul-surprise-du-pib-en-mai\/1286641.html\" title=\"Royaume-Uni : recul surprise du PIB en mai\" rel=\"nofollow noopener\" target=\"_blank\">&gt;&gt; Royaume-Uni : recul surprise du PIB en mai<\/a><\/p>\n<p><a href=\"https:\/\/lecourrier.vn\/royaume-uni-quatre-morts-dans-un-accident-davion-a-laeroport-de-southend\/1286856.html\" title=\"Royaume-Uni : quatre morts dans un accident d&#039;avion \u00e0 l&#039;a\u00e9roport de  Southend\" rel=\"nofollow noopener\" target=\"_blank\">&gt;&gt; Royaume-Uni : quatre morts dans un accident d&rsquo;avion \u00e0 l&rsquo;a\u00e9roport de  Southend<\/a><\/p>\n<p><a href=\"https:\/\/lecourrier.vn\/le-gouvernement-britannique-va-abaisser-lage-du-droit-de-vote-a-16-ans\/1287075.html\" title=\"Le gouvernement britannique va abaisser l&#039;\u00e2ge du droit de vote \u00e0 16 ans\" rel=\"nofollow noopener\" target=\"_blank\">&gt;&gt; Le gouvernement britannique va abaisser l&rsquo;\u00e2ge du droit de vote \u00e0 16 ans<\/a><\/p>\n<tr>\n<td class=\"pic\"><img decoding=\"async\" class=\"lazyload\" src=\"https:\/\/www.europesays.com\/fr\/wp-content\/uploads\/2025\/07\/220856-grave-pollution-dune-riviere-en-cote-divoire-le-gouvernement-se-montre-categorique-1024x679.j.jpeg\" alt=\"\"\/><\/td>\n<\/tr>\n<tr>\n<td class=\"caption\"><\/td>\n<\/tr>\n<tr align=\"right\">\n<td class=\"author\">Photo :\u00a0https:\/\/yop.l-frii.com<\/td>\n<\/tr>\n<p style=\"text-align:left\">\u00ab\u00a0Notre secteur de l&rsquo;eau est compl\u00e8tement d\u00e9faillant\u00a0\u00bb, a reconnu le ministre de l&rsquo;Environnement Steve Reed sur Sky News.<\/p>\n<p style=\"text-align:left\">Le niveau de pollution est \u00ab\u00a0une v\u00e9ritable honte\u00a0\u00bb, \u00ab\u00a0un scandale\u00a0\u00bb, a admis ce membre du gouvernement travailliste qui est arriv\u00e9 au pouvoir il y a un peu plus d&rsquo;un an.<\/p>\n<p style=\"text-align:left\">Les compagnies des eaux britannique, privatis\u00e9es depuis 1989, sont sous le feu des critiques depuis plusieurs ann\u00e9es \u00e0 cause du d\u00e9versement de quantit\u00e9s importantes d&rsquo;eaux us\u00e9es dans les cours d&rsquo;eau et en mer, accus\u00e9es d&rsquo;avoir trop peu investi dans un syst\u00e8me d&rsquo;\u00e9gouts obsol\u00e8te.<\/p>\n<p style=\"text-align:left\">Selon un rapport de l&rsquo;Agence pour l&rsquo;environnement publi\u00e9 vendredi 18 juillet, le nombre d&rsquo;\u00e9pisodes s\u00e9rieux de pollution caus\u00e9s par les neuf compagnies des eaux en Angleterre ont augment\u00e9 de 60% l&rsquo;an dernier, par rapport \u00e0 2023.<\/p>\n<p style=\"text-align:left\">Une Commission ind\u00e9pendante sur l&rsquo;eau, dont les travaux ont d\u00e9marr\u00e9 en octobre, doit rendre lundi ses conclusions et devrait pr\u00e9senter des recommandations sur la r\u00e9glementation et sur des politiques de soutien aux consommateurs.<\/p>\n<p style=\"text-align:left\">\u00ab\u00a0Nous devons r\u00e9former le secteur de l&rsquo;eau de fond en comble\u00a0\u00bb, a d\u00e9clar\u00e9 Steve Reed.<\/p>\n<p style=\"text-align:left\">\u00ab\u00a0Ce gouvernement r\u00e9duira de moiti\u00e9 la pollution par les eaux us\u00e9es des compagnies des eaux en cinq ans\u00a0\u00bb, a-t-il promis.<\/p>\n<p style=\"text-align:left\">\u00ab\u00a0En partenariat avec des investisseurs\u00a0\u00bb, le gouvernement a obtenu \u00ab\u00a0un financement pour reconstruire l&rsquo;ensemble du r\u00e9seau d&rsquo;eau et assainir nos rivi\u00e8res\u00a0\u00bb, selon un communiqu\u00e9. \u00ab\u00a0Un montant record de 104 milliards de livres sterling\u00a0\u00bb (120 milliards d&rsquo;euros) permettra de \u00ab\u00a0moderniser les canalisations en mauvais \u00e9tat et construire de nouvelles stations d&rsquo;\u00e9puration\u00a0\u00bb.<\/p>\n<p style=\"text-align:left\">Le gouvernement a d\u00e9j\u00e0 l\u00e9gif\u00e9r\u00e9, notamment pour durcir les sanctions contre les patrons de compagnies qui ne respecteraient pas la loi.<\/p>\n<p style=\"text-align:right\"><b>AFP\/VNA\/CVN<\/b><\/p>\n","protected":false},"excerpt":{"rendered":"&#13; Royaume-Uni&#13; &#13; Vers une r\u00e9duction de la pollution due aux eaux us\u00e9es d&rsquo;ici cinq ans&#13; Le gouvernement&hellip;\n","protected":false},"author":2,"featured_media":262373,"comment_status":"","ping_status":"","sticky":false,"template":"","format":"standard","meta":{"footnotes":""},"categories":[1588],"tags":[11,40213,1777,674,4381,12,1800,9114,473,1853,1851,1850,1852],"class_list":{"0":"post-262372","1":"post","2":"type-post","3":"status-publish","4":"format-standard","5":"has-post-thumbnail","7":"category-royaume-uni","8":"tag-actualites","9":"tag-eaux-usees","10":"tag-eu","11":"tag-europe","12":"tag-moitie","13":"tag-news","14":"tag-pollution","15":"tag-reduire","16":"tag-royaume-uni","17":"tag-royaume-uni-de-grande-bretagne-et-dirlande-du-nord","18":"tag-uk","19":"tag-united-kingdom","20":"tag-united-kingdom-of-great-britain-and-northern-ireland"},"share_on_mastodon":{"url":"https:\/\/pubeurope.com\/@fr\/114888883907485717","error":""},"_links":{"self":[{"href":"https:\/\/www.europesays.com\/fr\/wp-json\/wp\/v2\/posts\/262372","targetHints":{"allow":["GET"]}}],"collection":[{"href":"https:\/\/www.europesays.com\/fr\/wp-json\/wp\/v2\/posts"}],"about":[{"href":"https:\/\/www.europesays.com\/fr\/wp-json\/wp\/v2\/types\/post"}],"author":[{"embeddable":true,"href":"https:\/\/www.europesays.com\/fr\/wp-json\/wp\/v2\/users\/2"}],"replies":[{"embeddable":true,"href":"https:\/\/www.europesays.com\/fr\/wp-json\/wp\/v2\/comments?post=262372"}],"version-history":[{"count":0,"href":"https:\/\/www.europesays.com\/fr\/wp-json\/wp\/v2\/posts\/262372\/revisions"}],"wp:featuredmedia":[{"embeddable":true,"href":"https:\/\/www.europesays.com\/fr\/wp-json\/wp\/v2\/media\/262373"}],"wp:attachment":[{"href":"https:\/\/www.europesays.com\/fr\/wp-json\/wp\/v2\/media?parent=262372"}],"wp:term":[{"taxonomy":"category","embeddable":true,"href":"https:\/\/www.europesays.com\/fr\/wp-json\/wp\/v2\/categories?post=262372"},{"taxonomy":"post_tag","embeddable":true,"href":"https:\/\/www.europesays.com\/fr\/wp-json\/wp\/v2\/tags?post=262372"}],"curies":[{"name":"wp","href":"https:\/\/api.w.org\/{rel}","templated":true}]}}