{"id":262374,"date":"2025-07-21T02:33:14","date_gmt":"2025-07-21T02:33:14","guid":{"rendered":"https:\/\/www.europesays.com\/fr\/262374\/"},"modified":"2025-07-21T02:33:14","modified_gmt":"2025-07-21T02:33:14","slug":"un-simple-relais-radio-peut-il-engager-la-responsabilite-de-lallemagne","status":"publish","type":"post","link":"https:\/\/www.europesays.com\/fr\/262374\/","title":{"rendered":"un \u201csimple relais radio\u201d peut-il engager la responsabilit\u00e9 de l\u2019Allemagne ?"},"content":{"rendered":"\n<p>\u201cL\u2019Allemagne est-elle responsable de la guerre des drones am\u00e9ricaine\u00a0?\u201d C\u2019est grosso modo \u00e0 cette question, <a class=\"ithalc\" data-ithal=\"lien_externe\" data-ithalc=\"[nav_article]\" target=\"_blank\" href=\"https:\/\/www.spiegel.de\/politik\/deutschland\/news-frauke-brosius-gersdorf-us-drohnen-krieg-ramstein-friedrich-merz-markus-soeder-a-b554ee30-a01f-4908-a429-223681e302ed\" rel=\"noopener\">pos\u00e9e par le journal allemand <strong>Der Spiegel<\/strong><\/a><strong>, <\/strong>que la Cour constitutionnelle de Karlsruhe a r\u00e9pondu, mardi 15\u00a0juillet. Et sa r\u00e9ponse est n\u00e9gative\u00a0: d\u2019apr\u00e8s la plus haute instance judiciaire d\u2019Allemagne, Berlin n\u2019a pas \u00e0 contr\u00f4ler les missions men\u00e9es au Y\u00e9men avec ces engins volants via la base militaire am\u00e9ricaine de Ramstein, en Rh\u00e9nanie-Palatinat.<\/p>\n<p>Dans l\u2019affaire jug\u00e9e par la Cour, Ahmed et Khalid bin Ali Jaber, des Y\u00e9m\u00e9nites \u201cdont des parents innocents avaient \u00e9t\u00e9 tu\u00e9s par une attaque de drones am\u00e9ricaine dans leur ville natale en 2012\u201d, demandaient que la R\u00e9publique f\u00e9d\u00e9rale soit tenue pour responsable de leur mort, explique l\u2019hebdomadaire centriste. Car l\u2019op\u00e9ration n\u2019aurait pu avoir lieu sans les infrastructures de la base de Ramstein, qui sert de relais pour envoyer des signaux satellite au Y\u00e9men et y diriger les drones am\u00e9ricains.<\/p>\n<p>Mais, <a class=\"ithalc\" data-ithal=\"lien_externe\" data-ithalc=\"[nav_article]\" target=\"_blank\" href=\"https:\/\/www.faz.net\/aktuell\/politik\/inland\/wie-urteilt-das-verfassungsgericht-zu-deutscher-verantwortung-fuer-us-angriffe-110590901.html\" rel=\"noopener\">comme le rel\u00e8ve la <strong>Frankfurter Allgemeine Zeitung<\/strong><\/a><strong>,<\/strong> l\u2019affaire ne concernait pas que le pays du Moyen-Orient\u00a0: \u201cIl s\u2019agissait de savoir quelles obligations les droits fondamentaux et le droit international imposent \u00e0 la R\u00e9publique f\u00e9d\u00e9rale vis-\u00e0-vis de ses alli\u00e9s. Des questions qui font \u00e9galement d\u00e9bat \u00e0 propos des exportations d\u2019armes vers<\/p>\n","protected":false},"excerpt":{"rendered":"\u201cL\u2019Allemagne est-elle responsable de la guerre des drones am\u00e9ricaine\u00a0?\u201d C\u2019est grosso modo \u00e0 cette question, pos\u00e9e par le&hellip;\n","protected":false},"author":2,"featured_media":262375,"comment_status":"","ping_status":"","sticky":false,"template":"","format":"standard","meta":{"footnotes":""},"categories":[1587],"tags":[11,672,3822,1804,1805,1803,1777,674,1801,1892,303,3257,12,2476,1802,770,40214],"class_list":{"0":"post-262374","1":"post","2":"type-post","3":"status-publish","4":"format-standard","5":"has-post-thumbnail","7":"category-allemagne","8":"tag-actualites","9":"tag-allemagne","10":"tag-amu00e9riques","11":"tag-bundesrepublik-deutschland","12":"tag-de","13":"tag-deutschland","14":"tag-eu","15":"tag-europe","16":"tag-germany","17":"tag-gu00e9opolitique","18":"tag-justice","19":"tag-moyen-orient","20":"tag-news","21":"tag-politique-de-du00e9fense","22":"tag-republique-federale-dallemagne","23":"tag-u00e9tats-unis","24":"tag-yu00e9men"},"share_on_mastodon":{"url":"https:\/\/pubeurope.com\/@fr\/114888887749713821","error":""},"_links":{"self":[{"href":"https:\/\/www.europesays.com\/fr\/wp-json\/wp\/v2\/posts\/262374","targetHints":{"allow":["GET"]}}],"collection":[{"href":"https:\/\/www.europesays.com\/fr\/wp-json\/wp\/v2\/posts"}],"about":[{"href":"https:\/\/www.europesays.com\/fr\/wp-json\/wp\/v2\/types\/post"}],"author":[{"embeddable":true,"href":"https:\/\/www.europesays.com\/fr\/wp-json\/wp\/v2\/users\/2"}],"replies":[{"embeddable":true,"href":"https:\/\/www.europesays.com\/fr\/wp-json\/wp\/v2\/comments?post=262374"}],"version-history":[{"count":0,"href":"https:\/\/www.europesays.com\/fr\/wp-json\/wp\/v2\/posts\/262374\/revisions"}],"wp:featuredmedia":[{"embeddable":true,"href":"https:\/\/www.europesays.com\/fr\/wp-json\/wp\/v2\/media\/262375"}],"wp:attachment":[{"href":"https:\/\/www.europesays.com\/fr\/wp-json\/wp\/v2\/media?parent=262374"}],"wp:term":[{"taxonomy":"category","embeddable":true,"href":"https:\/\/www.europesays.com\/fr\/wp-json\/wp\/v2\/categories?post=262374"},{"taxonomy":"post_tag","embeddable":true,"href":"https:\/\/www.europesays.com\/fr\/wp-json\/wp\/v2\/tags?post=262374"}],"curies":[{"name":"wp","href":"https:\/\/api.w.org\/{rel}","templated":true}]}}