{"id":262376,"date":"2025-07-21T02:34:26","date_gmt":"2025-07-21T02:34:26","guid":{"rendered":"https:\/\/www.europesays.com\/fr\/262376\/"},"modified":"2025-07-21T02:34:26","modified_gmt":"2025-07-21T02:34:26","slug":"le-portugal-est-de-loin-le-pays-membre-le-plus-dependant-des-aides-europeennes","status":"publish","type":"post","link":"https:\/\/www.europesays.com\/fr\/262376\/","title":{"rendered":"Le Portugal est, de loin, le pays membre le plus d\u00e9pendant des aides europ\u00e9ennes"},"content":{"rendered":"\n<p>\u201cLe Portugal est le pays qui d\u00e9pend le plus des fonds europ\u00e9ens\u201d, <a class=\"ithalc\" data-ithal=\"lien_externe\" data-ithalc=\"[nav_article]\" target=\"_blank\" href=\"https:\/\/www.jn.pt\/6348479019\/portugal-e-o-pais-onde-o-investimento-mais-depende-dos-fundos-europeus\/#iss=https%3A%2F%2Fsso.noticiasilimitadas.pt%2Frealms%2FNI_PRD\" rel=\"noopener\">titre ce 15\u00a0juillet le <strong>Jornal de Not\u00edcias<\/strong><\/a><strong>,<\/strong> qui pr\u00e9cise dans ses pages que les autres \u00c9tats membres de l\u2019Union europ\u00e9enne (UE) figurent loin derri\u00e8re au classement. En s\u2019appuyant sur un r\u00e9cent rapport de la Cour des comptes europ\u00e9enne, le quotidien rapporte que lors du programme de financement Portugal 2020 (2014-2020), dont les comptes viennent seulement d\u2019\u00eatre clos, 90\u00a0% des investissements publics portugais ont \u00e9t\u00e9 financ\u00e9s par des fonds de coh\u00e9sion.<\/p>\n<p>\u201cLe Portugal est donc de loin le pays le plus d\u00e9pendant\u201d, constate le journal. La Croatie arrive en deuxi\u00e8me position, avec une d\u00e9pendance de 69\u00a0%. Parmi les pays les plus proches g\u00e9ographiquement, l\u2019Espagne affiche une proportion de 25\u00a0% de fonds europ\u00e9ens. La France n\u2019atteint que 3\u00a0%, alors qu\u2019elle fait partie des pays qui contribuent le plus avec l\u2019Allemagne, l\u2019Italie et l\u2019Espagne.<\/p>\n<p>               Un \u201cb\u00e9n\u00e9fice\u201d de 3,7\u00a0milliards d\u2019euros       <\/p>\n<p>Le Fonds de coh\u00e9sion, destin\u00e9 \u00e0 aider uniquement les \u00c9tats membres les moins d\u00e9velopp\u00e9s, a permis au Portugal, qui a adh\u00e9r\u00e9 \u00e0 l\u2019Union europ\u00e9enne en 1986, d\u2019investir dans diff\u00e9rents secteurs et \u00e0 hauteur de 7,7\u00a0milliards d\u2019euros en 2024, souligne le Jornal de Not\u00edcias\u00a0:<\/p>\n<blockquote><p>\u201cLes d\u00e9penses publiques financ\u00e9es par les fonds communautaires concernent presque tous les aspects de la vie quotidienne des citoyens. De l\u2019utilisation de l\u2019eau au traitement des d\u00e9chets, en passant par les routes ou les transports publics, jusqu\u2019aux h\u00f4pitaux, cr\u00e8ches, maisons de retraite et \u00e9coles.\u201d<\/p><\/blockquote>\n<p>Le Portugal re\u00e7oit plus de fonds qu\u2019il n\u2019en donne \u00e0 l\u2019UE. En 2024, entre sa contribution et ce qu\u2019il a per\u00e7u, le pays a d\u00e9gag\u00e9 un \u201cb\u00e9n\u00e9fice\u201d de 3,7\u00a0milliards d\u2019euros, soit 1,3\u00a0% de son produit int\u00e9rieur brut (PIB). Selon une \u00e9tude de la Banque du Portugal, le gain du pays gr\u00e2ce aux fonds de l\u2019UE a repr\u00e9sent\u00e9 en moyenne 1,6\u00a0% du PIB entre 1996 et\u00a02024.<\/p>\n<p>Mais cette \u201cd\u00e9pendance excessive \u00e0 l\u2019\u00e9gard des fonds de coh\u00e9sion\u201d, note le quotidien, que certains ministres portugais jugent \u201cpr\u00e9occupante\u201d ou relevant d\u2019une \u201cerreur\u201d, pourrait prendre fin bient\u00f4t, car \u201cla politique de coh\u00e9sion est au c\u0153ur de discussions anim\u00e9es et de controverses, avant la pr\u00e9sentation du prochain cadre financier pluriannuel de l\u2019UE, pr\u00e9vue ce mercredi 16\u00a0juillet\u201d. \u201cAussi, le Portugal attend avec impatience de voir s\u2019il y aura des r\u00e9ductions budg\u00e9taires ou des modifications du mod\u00e8le de distribution\u201d, conclut le Jornal de Not\u00edcias.<\/p>\n","protected":false},"excerpt":{"rendered":"\u201cLe Portugal est le pays qui d\u00e9pend le plus des fonds europ\u00e9ens\u201d, titre ce 15\u00a0juillet le Jornal de&hellip;\n","protected":false},"author":2,"featured_media":262377,"comment_status":"","ping_status":"","sticky":false,"template":"","format":"standard","meta":{"footnotes":""},"categories":[1586],"tags":[11,1777,674,1011,27,12,6996,25,2542,2475],"class_list":{"0":"post-262376","1":"post","2":"type-post","3":"status-publish","4":"format-standard","5":"has-post-thumbnail","7":"category-europe","8":"tag-actualites","9":"tag-eu","10":"tag-europe","11":"tag-fr","12":"tag-france","13":"tag-news","14":"tag-portugal","15":"tag-republique-francaise","16":"tag-u00e9conomie","17":"tag-union-europu00e9enne"},"share_on_mastodon":{"url":"https:\/\/pubeurope.com\/@fr\/114888891609416473","error":""},"_links":{"self":[{"href":"https:\/\/www.europesays.com\/fr\/wp-json\/wp\/v2\/posts\/262376","targetHints":{"allow":["GET"]}}],"collection":[{"href":"https:\/\/www.europesays.com\/fr\/wp-json\/wp\/v2\/posts"}],"about":[{"href":"https:\/\/www.europesays.com\/fr\/wp-json\/wp\/v2\/types\/post"}],"author":[{"embeddable":true,"href":"https:\/\/www.europesays.com\/fr\/wp-json\/wp\/v2\/users\/2"}],"replies":[{"embeddable":true,"href":"https:\/\/www.europesays.com\/fr\/wp-json\/wp\/v2\/comments?post=262376"}],"version-history":[{"count":0,"href":"https:\/\/www.europesays.com\/fr\/wp-json\/wp\/v2\/posts\/262376\/revisions"}],"wp:featuredmedia":[{"embeddable":true,"href":"https:\/\/www.europesays.com\/fr\/wp-json\/wp\/v2\/media\/262377"}],"wp:attachment":[{"href":"https:\/\/www.europesays.com\/fr\/wp-json\/wp\/v2\/media?parent=262376"}],"wp:term":[{"taxonomy":"category","embeddable":true,"href":"https:\/\/www.europesays.com\/fr\/wp-json\/wp\/v2\/categories?post=262376"},{"taxonomy":"post_tag","embeddable":true,"href":"https:\/\/www.europesays.com\/fr\/wp-json\/wp\/v2\/tags?post=262376"}],"curies":[{"name":"wp","href":"https:\/\/api.w.org\/{rel}","templated":true}]}}