{"id":262378,"date":"2025-07-21T02:35:13","date_gmt":"2025-07-21T02:35:13","guid":{"rendered":"https:\/\/www.europesays.com\/fr\/262378\/"},"modified":"2025-07-21T02:35:13","modified_gmt":"2025-07-21T02:35:13","slug":"lallemagne-se-veut-locomotive-de-la-politique-migratoire-europeenne","status":"publish","type":"post","link":"https:\/\/www.europesays.com\/fr\/262378\/","title":{"rendered":"L\u2019Allemagne se veut locomotive de la politique migratoire europ\u00e9enne"},"content":{"rendered":"<p>Le cadre a \u00e9t\u00e9 choisi pour son sens du symbolique. C\u2019est sur le Zugspitze, le plus haut sommet d\u2019Allemagne, \u00e0 2900 m\u00e8tres d\u2019altitude, \u00e0 la fronti\u00e8re avec l\u2019Autriche, que le ministre de l\u2019Int\u00e9rieur a organis\u00e9 ce vendredi un sommet migratoire europ\u00e9en. Entre rayons de soleil et mont\u00e9e du brouillard, il y a re\u00e7u ses coll\u00e8gues polonais, fran\u00e7ais, autrichien, tch\u00e8que et danois \u2013 le Danemark occupe la pr\u00e9sidence tournante de l\u2019UE \u2013 ainsi que le commissaire europ\u00e9en charg\u00e9 de la Migration, Magnus Brunner. Si la Suisse n\u2019a pas \u00e9t\u00e9 invit\u00e9e, elle n\u2019aurait pas non plus cherch\u00e9 \u00e0 participer, alors que le d\u00e9bat migratoire reste sensible au sein de la Conf\u00e9d\u00e9ration.<\/p>\n<p>L\u2019objectif affich\u00e9 de ce \u00absommet au sommet\u00bb \u00e9tait de \u00abdonner un \u00e9lan \u00e0 une politique europ\u00e9enne plus stricte en mati\u00e8re d\u2019immigration\u00bb et de porter de nouvelles id\u00e9es \u00e0 Bruxelles pour \u00abdurcir la politique d\u2019asile\u00bb. \u00abCette rencontre est un signal clair de notre unit\u00e9, de notre d\u00e9termination et de notre engagement commun\u00bb, a lanc\u00e9 le ministre allemand, envelopp\u00e9 par la brume montagnarde. Dans leur d\u00e9claration commune, les participants pr\u00f4nent une s\u00e9rie de \u00abnouvelles solutions\u00bb, comme la facilitation des expulsions de demandeurs d\u2019asile d\u00e9bout\u00e9s vers des pays autres que ceux d\u2019origine. Actuellement restreinte, cette option pourrait \u00eatre \u00e9tendue via ce que Magnus Brunner nomme une \u00abdiplomatie migratoire\u00bb.<\/p>\n","protected":false},"excerpt":{"rendered":"Le cadre a \u00e9t\u00e9 choisi pour son sens du symbolique. C\u2019est sur le Zugspitze, le plus haut sommet&hellip;\n","protected":false},"author":2,"featured_media":262379,"comment_status":"","ping_status":"","sticky":false,"template":"","format":"standard","meta":{"footnotes":""},"categories":[1586],"tags":[11,672,1777,674,1779,1011,27,10090,12,301,25,1778,364],"class_list":{"0":"post-262378","1":"post","2":"type-post","3":"status-publish","4":"format-standard","5":"has-post-thumbnail","7":"category-europe","8":"tag-actualites","9":"tag-allemagne","10":"tag-eu","11":"tag-europe","12":"tag-european-union","13":"tag-fr","14":"tag-france","15":"tag-migrations","16":"tag-news","17":"tag-premium","18":"tag-republique-francaise","19":"tag-ue","20":"tag-union-europeenne"},"share_on_mastodon":{"url":"https:\/\/pubeurope.com\/@fr\/114888895609947178","error":""},"_links":{"self":[{"href":"https:\/\/www.europesays.com\/fr\/wp-json\/wp\/v2\/posts\/262378","targetHints":{"allow":["GET"]}}],"collection":[{"href":"https:\/\/www.europesays.com\/fr\/wp-json\/wp\/v2\/posts"}],"about":[{"href":"https:\/\/www.europesays.com\/fr\/wp-json\/wp\/v2\/types\/post"}],"author":[{"embeddable":true,"href":"https:\/\/www.europesays.com\/fr\/wp-json\/wp\/v2\/users\/2"}],"replies":[{"embeddable":true,"href":"https:\/\/www.europesays.com\/fr\/wp-json\/wp\/v2\/comments?post=262378"}],"version-history":[{"count":0,"href":"https:\/\/www.europesays.com\/fr\/wp-json\/wp\/v2\/posts\/262378\/revisions"}],"wp:featuredmedia":[{"embeddable":true,"href":"https:\/\/www.europesays.com\/fr\/wp-json\/wp\/v2\/media\/262379"}],"wp:attachment":[{"href":"https:\/\/www.europesays.com\/fr\/wp-json\/wp\/v2\/media?parent=262378"}],"wp:term":[{"taxonomy":"category","embeddable":true,"href":"https:\/\/www.europesays.com\/fr\/wp-json\/wp\/v2\/categories?post=262378"},{"taxonomy":"post_tag","embeddable":true,"href":"https:\/\/www.europesays.com\/fr\/wp-json\/wp\/v2\/tags?post=262378"}],"curies":[{"name":"wp","href":"https:\/\/api.w.org\/{rel}","templated":true}]}}