{"id":26238,"date":"2025-04-15T09:17:25","date_gmt":"2025-04-15T09:17:25","guid":{"rendered":"https:\/\/www.europesays.com\/fr\/26238\/"},"modified":"2025-04-15T09:17:25","modified_gmt":"2025-04-15T09:17:25","slug":"juge-a-aix-en-provence-un-marseillais-de-32-ans-avait-vole-pour-16-000-e-doutillages-dans-la-meme-nuit","status":"publish","type":"post","link":"https:\/\/www.europesays.com\/fr\/26238\/","title":{"rendered":"Jug\u00e9 \u00e0 Aix-en-Provence, un Marseillais de 32 ans avait vol\u00e9 pour 16 000 \u20ac d&rsquo;outillages dans la m\u00eame nuit"},"content":{"rendered":"<p>Sofiane B., Marseillais de 32 ans, avait \u00e9t\u00e9 interpell\u00e9 le 22 octobre 2024 par les gendarmes de Lan\u00e7on-Provence \u00e0 bord de son v\u00e9hicule Clio pour avoir roul\u00e9 les phares \u00e9teints. Il avait, de plus, <a href=\"https:\/\/www.laprovence.com\/article\/societe\/1343713191162815\/cacher-sa-plaque-dimmatriculation-avec-des-feuilles-mortes-la-nouvelle-astuce-qui-fait-sensation-pour-echapper-a-la-verbalisation\" target=\"_blank\" rel=\"noopener\">maquill\u00e9 sa plaque d&rsquo;immatriculation<\/a> \u00e0 l&rsquo;aide d&rsquo;un ruban adh\u00e9sif. Plac\u00e9 en garde \u00e0 vue, son t\u00e9l\u00e9phone avait pr\u00e9sent\u00e9 de nombreuses photographies sur lesquelles apparaissait du mat\u00e9riel professionnel, des caisses \u00e0 outils, des perceuses et autres outillages.<\/p>\n<p>Des clich\u00e9s suspects tant ils rappelaient aux enqu\u00eateurs d&rsquo;autres faits commis dans la nuit du 11 au 12 octobre pr\u00e9c\u00e9dents, o\u00f9 de l&rsquo;outillage avait justement \u00e9t\u00e9 d\u00e9rob\u00e9 dans plusieurs utilitaires, \u00e0 Grans, Lan\u00e7on-Provence et Lambesc. Faute de preuves, ils l&rsquo;avaient cependant rel\u00e2ch\u00e9.<\/p>\n","protected":false},"excerpt":{"rendered":"Sofiane B., Marseillais de 32 ans, avait \u00e9t\u00e9 interpell\u00e9 le 22 octobre 2024 par les gendarmes de Lan\u00e7on-Provence&hellip;\n","protected":false},"author":2,"featured_media":26239,"comment_status":"","ping_status":"","sticky":false,"template":"","format":"standard","meta":{"footnotes":""},"categories":[2814],"tags":[17,1111,11,7404,1764,8851,1777,674,274,1011,27,9342,761,884,12,471,882,25,9343],"class_list":{"0":"post-26238","1":"post","2":"type-post","3":"status-publish","4":"format-standard","5":"has-post-thumbnail","7":"category-marseille","8":"tag-17","9":"tag-actu","10":"tag-actualites","11":"tag-aix-en-provence","12":"tag-ans","13":"tag-avait","14":"tag-eu","15":"tag-europe","16":"tag-faits-divers-justice","17":"tag-fr","18":"tag-france","19":"tag-juge","20":"tag-marseillais","21":"tag-marseille","22":"tag-news","23":"tag-pour","24":"tag-provence-alpes-cote-dazur","25":"tag-republique-francaise","26":"tag-vole"},"share_on_mastodon":{"url":"https:\/\/pubeurope.com\/@fr\/114341232379176016","error":""},"_links":{"self":[{"href":"https:\/\/www.europesays.com\/fr\/wp-json\/wp\/v2\/posts\/26238","targetHints":{"allow":["GET"]}}],"collection":[{"href":"https:\/\/www.europesays.com\/fr\/wp-json\/wp\/v2\/posts"}],"about":[{"href":"https:\/\/www.europesays.com\/fr\/wp-json\/wp\/v2\/types\/post"}],"author":[{"embeddable":true,"href":"https:\/\/www.europesays.com\/fr\/wp-json\/wp\/v2\/users\/2"}],"replies":[{"embeddable":true,"href":"https:\/\/www.europesays.com\/fr\/wp-json\/wp\/v2\/comments?post=26238"}],"version-history":[{"count":0,"href":"https:\/\/www.europesays.com\/fr\/wp-json\/wp\/v2\/posts\/26238\/revisions"}],"wp:featuredmedia":[{"embeddable":true,"href":"https:\/\/www.europesays.com\/fr\/wp-json\/wp\/v2\/media\/26239"}],"wp:attachment":[{"href":"https:\/\/www.europesays.com\/fr\/wp-json\/wp\/v2\/media?parent=26238"}],"wp:term":[{"taxonomy":"category","embeddable":true,"href":"https:\/\/www.europesays.com\/fr\/wp-json\/wp\/v2\/categories?post=26238"},{"taxonomy":"post_tag","embeddable":true,"href":"https:\/\/www.europesays.com\/fr\/wp-json\/wp\/v2\/tags?post=26238"}],"curies":[{"name":"wp","href":"https:\/\/api.w.org\/{rel}","templated":true}]}}