{"id":262386,"date":"2025-07-21T02:39:12","date_gmt":"2025-07-21T02:39:12","guid":{"rendered":"https:\/\/www.europesays.com\/fr\/262386\/"},"modified":"2025-07-21T02:39:12","modified_gmt":"2025-07-21T02:39:12","slug":"golf-vaillant-dans-le-top-5-apres-le-3e-tour-du-barracuda-championship","status":"publish","type":"post","link":"https:\/\/www.europesays.com\/fr\/262386\/","title":{"rendered":"Golf : Vaillant dans le top 5 apr\u00e8s le 3e tour du Barracuda Championship"},"content":{"rendered":"<p>Le Fran\u00e7ais Tom Vaillant a pris samedi la quatri\u00e8me place \u00e0 l\u2019issue du troisi\u00e8me tour du Barracuda Championship, tournoi alternatif de golf, qui se d\u00e9roule la m\u00eame semaine que le British Open, le dernier Majeur de l\u2019ann\u00e9e.<\/p>\n<p>Le jeune golfeur de 23 ans a inscrit 9 points au troisi\u00e8me tour, atteignant un total de 32 points sur ce tournoi qui se dispute \u00e0 Truckee (Californie).<\/p>\n<p>Le <b>Barracuda Championship<\/b> est l\u2019un des rares tournois du circuit qui utilise une m\u00e9thode alternative de comptage des points : un par correspond \u00e0 0 point, un birdie rapporte 2 points et un eagle 5 points, alors qu\u2019un bogey fait perdre un point et un double bogey trois points.<\/p>\n<p>L\u2019Am\u00e9ricain <b><a href=\"https:\/\/www.flashscore.fr\/joueur\/gerard-ryan\/Wh01wlMn\/\" target=\"_blank\" rel=\"nofollow noopener\">Ryan Gerard<\/a><\/b> et le Philippin <b><a href=\"https:\/\/www.flashscore.fr\/joueur\/hoey-rico\/8n2GD7Ze\/\" target=\"_blank\" rel=\"nofollow noopener\">Rico Hoey<\/a><\/b> sont en t\u00eate avec 34 points, devant le Sud-Africain <b><a href=\"https:\/\/www.flashscore.fr\/joueur\/van-rooyen-erik\/8tD0dH8r\/\" target=\"_blank\" rel=\"nofollow noopener\">Erik van Rooyen<\/a><\/b>.\u00a0<b>Vaillant<\/b> a r\u00e9alis\u00e9 cinq birdies sur ce troisi\u00e8me tour, confirmant apr\u00e8s un joli deuxi\u00e8me tour o\u00f9 il avait r\u00e9ussi huit birdies.<\/p>\n<p>Classement du Barracuda Championship \u00e0 l\u2019issue du 3e tour :<\/p>\n<p>1. Ryan Gerard (USA) +34 (7+15+12)<\/p>\n<p>. Rico Hoey (PHI) +34 (13+13+8)<\/p>\n<p>3. Erik van Rooyen (RSA) +33 (11+14+8)<\/p>\n<p>4. <a href=\"https:\/\/www.flashscore.fr\/joueur\/vaillant-tom\/IuXeaZXD\/\" target=\"_blank\" rel=\"nofollow noopener\">Tom Vaillant<\/a> (FRA) +32 (8+15+9)<\/p>\n<p>5. <a href=\"https:\/\/www.flashscore.fr\/joueur\/springer-hayden\/ENi2bOP9\/\" target=\"_blank\" rel=\"nofollow noopener\">Hayden Springer<\/a> (USA) +29 (4+15+10)<\/p>\n<p>. <a href=\"https:\/\/www.flashscore.fr\/joueur\/whaley-vincent\/reuHJxkJ\/\" target=\"_blank\" rel=\"nofollow noopener\">Vince Whaley<\/a> (USA) +29 (12+10+7)<\/p>\n","protected":false},"excerpt":{"rendered":"Le Fran\u00e7ais Tom Vaillant a pris samedi la quatri\u00e8me place \u00e0 l\u2019issue du troisi\u00e8me tour du Barracuda Championship,&hellip;\n","protected":false},"author":2,"featured_media":262387,"comment_status":"","ping_status":"","sticky":false,"template":"","format":"standard","meta":{"footnotes":""},"categories":[1418],"tags":[1011,27,1472,60],"class_list":{"0":"post-262386","1":"post","2":"type-post","3":"status-publish","4":"format-standard","5":"has-post-thumbnail","7":"category-golf","8":"tag-fr","9":"tag-france","10":"tag-golf","11":"tag-sports"},"share_on_mastodon":{"url":"https:\/\/pubeurope.com\/@fr\/114888911269341087","error":""},"_links":{"self":[{"href":"https:\/\/www.europesays.com\/fr\/wp-json\/wp\/v2\/posts\/262386","targetHints":{"allow":["GET"]}}],"collection":[{"href":"https:\/\/www.europesays.com\/fr\/wp-json\/wp\/v2\/posts"}],"about":[{"href":"https:\/\/www.europesays.com\/fr\/wp-json\/wp\/v2\/types\/post"}],"author":[{"embeddable":true,"href":"https:\/\/www.europesays.com\/fr\/wp-json\/wp\/v2\/users\/2"}],"replies":[{"embeddable":true,"href":"https:\/\/www.europesays.com\/fr\/wp-json\/wp\/v2\/comments?post=262386"}],"version-history":[{"count":0,"href":"https:\/\/www.europesays.com\/fr\/wp-json\/wp\/v2\/posts\/262386\/revisions"}],"wp:featuredmedia":[{"embeddable":true,"href":"https:\/\/www.europesays.com\/fr\/wp-json\/wp\/v2\/media\/262387"}],"wp:attachment":[{"href":"https:\/\/www.europesays.com\/fr\/wp-json\/wp\/v2\/media?parent=262386"}],"wp:term":[{"taxonomy":"category","embeddable":true,"href":"https:\/\/www.europesays.com\/fr\/wp-json\/wp\/v2\/categories?post=262386"},{"taxonomy":"post_tag","embeddable":true,"href":"https:\/\/www.europesays.com\/fr\/wp-json\/wp\/v2\/tags?post=262386"}],"curies":[{"name":"wp","href":"https:\/\/api.w.org\/{rel}","templated":true}]}}