{"id":262388,"date":"2025-07-21T02:41:10","date_gmt":"2025-07-21T02:41:10","guid":{"rendered":"https:\/\/www.europesays.com\/fr\/262388\/"},"modified":"2025-07-21T02:41:10","modified_gmt":"2025-07-21T02:41:10","slug":"mickael-guillard-et-theo-attissogbe-au-tableau-dhonneur-leo-barre-en-difficulte","status":"publish","type":"post","link":"https:\/\/www.europesays.com\/fr\/262388\/","title":{"rendered":"Micka\u00ebl Guillard et Th\u00e9o Attissogbe au tableau d&rsquo;honneur, L\u00e9o Barr\u00e9 en difficult\u00e9"},"content":{"rendered":"\n<p>Apr\u00e8s la tourn\u00e9e d&rsquo;\u00e9t\u00e9 en Nouvelle Z\u00e9lande\u00a0: Micka\u00ebl Guillard et Th\u00e9o Attissogbe au tableau d&rsquo;honneur, L\u00e9o Barr\u00e9 en difficult\u00e9<\/p>\n<p>Apr\u00e8s trois matches pour autant de d\u00e9faites face aux All Blacks, certains joueurs de l&rsquo;\u00e9quipe de France ont n\u00e9anmoins marqu\u00e9 des points pour le futur, \u00e0 commencer par le troisi\u00e8me-ligne Micka\u00ebl Guillard ou l&rsquo;ailier Th\u00e9o Attissogbe. \u00c0 l&rsquo;inverse, l&rsquo;arri\u00e8re L\u00e9o Barr\u00e9 a souffert.<\/p>\n","protected":false},"excerpt":{"rendered":"Apr\u00e8s la tourn\u00e9e d&rsquo;\u00e9t\u00e9 en Nouvelle Z\u00e9lande\u00a0: Micka\u00ebl Guillard et Th\u00e9o Attissogbe au tableau d&rsquo;honneur, L\u00e9o Barr\u00e9 en&hellip;\n","protected":false},"author":2,"featured_media":262389,"comment_status":"","ping_status":"","sticky":false,"template":"","format":"standard","meta":{"footnotes":""},"categories":[1416],"tags":[1011,27,479,1468,60],"class_list":{"0":"post-262388","1":"post","2":"type-post","3":"status-publish","4":"format-standard","5":"has-post-thumbnail","7":"category-rugby","8":"tag-fr","9":"tag-france","10":"tag-rugby","11":"tag-rugby-football","12":"tag-sports"},"share_on_mastodon":{"url":"https:\/\/pubeurope.com\/@fr\/114888919179038147","error":""},"_links":{"self":[{"href":"https:\/\/www.europesays.com\/fr\/wp-json\/wp\/v2\/posts\/262388","targetHints":{"allow":["GET"]}}],"collection":[{"href":"https:\/\/www.europesays.com\/fr\/wp-json\/wp\/v2\/posts"}],"about":[{"href":"https:\/\/www.europesays.com\/fr\/wp-json\/wp\/v2\/types\/post"}],"author":[{"embeddable":true,"href":"https:\/\/www.europesays.com\/fr\/wp-json\/wp\/v2\/users\/2"}],"replies":[{"embeddable":true,"href":"https:\/\/www.europesays.com\/fr\/wp-json\/wp\/v2\/comments?post=262388"}],"version-history":[{"count":0,"href":"https:\/\/www.europesays.com\/fr\/wp-json\/wp\/v2\/posts\/262388\/revisions"}],"wp:featuredmedia":[{"embeddable":true,"href":"https:\/\/www.europesays.com\/fr\/wp-json\/wp\/v2\/media\/262389"}],"wp:attachment":[{"href":"https:\/\/www.europesays.com\/fr\/wp-json\/wp\/v2\/media?parent=262388"}],"wp:term":[{"taxonomy":"category","embeddable":true,"href":"https:\/\/www.europesays.com\/fr\/wp-json\/wp\/v2\/categories?post=262388"},{"taxonomy":"post_tag","embeddable":true,"href":"https:\/\/www.europesays.com\/fr\/wp-json\/wp\/v2\/tags?post=262388"}],"curies":[{"name":"wp","href":"https:\/\/api.w.org\/{rel}","templated":true}]}}