{"id":262390,"date":"2025-07-21T02:42:11","date_gmt":"2025-07-21T02:42:11","guid":{"rendered":"https:\/\/www.europesays.com\/fr\/262390\/"},"modified":"2025-07-21T02:42:11","modified_gmt":"2025-07-21T02:42:11","slug":"tennis-atp-luciano-darderi-remporte-latp-250-de-bastad","status":"publish","type":"post","link":"https:\/\/www.europesays.com\/fr\/262390\/","title":{"rendered":"Tennis &#8211; ATP : Luciano Darderi remporte l&rsquo;ATP 250 de Bastad"},"content":{"rendered":"<p>Trois finales, trois titres: l&rsquo;Italien Luciano Darderi a remport\u00e9 dimanche le tournoi ATP 250 sur terre battue de Bastad (Su\u00e8de), se d\u00e9faisant du N\u00e9erlandais Jesper de Jong en trois sets (6-4, 3-6, 6-3).<\/p>\n<p>Apr\u00e8s Cordoba l&rsquo;an dernier et Marrakech au printemps, <b><a href=\"https:\/\/www.flashscore.fr\/joueur\/darderi-luciano\/jeXTxMIp\/\" target=\"_blank\" rel=\"nofollow noopener\">Luca Darderi<\/a><\/b> (23 ans) n&rsquo;a toujours pas connu la d\u00e9faite en finale d&rsquo;un tournoi du circuit principal.<\/p>\n<p><b>\u00ab\u00a0C&rsquo;est incroyable. Aujourd&rsquo;hui (dimanche), j&rsquo;ai vraiment \u00e9t\u00e9 nerveux d\u00e8s le d\u00e9but du match, m\u00eame d\u00e8s la nuit derni\u00e8re<\/b>, a-t-il dit.\u00a0<b>C&rsquo;est mon troisi\u00e8me titre ATP, \u00e0 23 ans, c&rsquo;est vraiment prometteur\u00a0\u00bb.<\/b><\/p>\n<p>Darderi occupera la 46e place lundi dans la nouvelle livraison du classement mondial de l&rsquo;ATP.<\/p>\n","protected":false},"excerpt":{"rendered":"Trois finales, trois titres: l&rsquo;Italien Luciano Darderi a remport\u00e9 dimanche le tournoi ATP 250 sur terre battue de&hellip;\n","protected":false},"author":2,"featured_media":262391,"comment_status":"","ping_status":"","sticky":false,"template":"","format":"standard","meta":{"footnotes":""},"categories":[1415],"tags":[1011,27,60,1467],"class_list":{"0":"post-262390","1":"post","2":"type-post","3":"status-publish","4":"format-standard","5":"has-post-thumbnail","7":"category-tennis","8":"tag-fr","9":"tag-france","10":"tag-sports","11":"tag-tennis"},"share_on_mastodon":{"url":"https:\/\/pubeurope.com\/@fr\/114888923054333325","error":""},"_links":{"self":[{"href":"https:\/\/www.europesays.com\/fr\/wp-json\/wp\/v2\/posts\/262390","targetHints":{"allow":["GET"]}}],"collection":[{"href":"https:\/\/www.europesays.com\/fr\/wp-json\/wp\/v2\/posts"}],"about":[{"href":"https:\/\/www.europesays.com\/fr\/wp-json\/wp\/v2\/types\/post"}],"author":[{"embeddable":true,"href":"https:\/\/www.europesays.com\/fr\/wp-json\/wp\/v2\/users\/2"}],"replies":[{"embeddable":true,"href":"https:\/\/www.europesays.com\/fr\/wp-json\/wp\/v2\/comments?post=262390"}],"version-history":[{"count":0,"href":"https:\/\/www.europesays.com\/fr\/wp-json\/wp\/v2\/posts\/262390\/revisions"}],"wp:featuredmedia":[{"embeddable":true,"href":"https:\/\/www.europesays.com\/fr\/wp-json\/wp\/v2\/media\/262391"}],"wp:attachment":[{"href":"https:\/\/www.europesays.com\/fr\/wp-json\/wp\/v2\/media?parent=262390"}],"wp:term":[{"taxonomy":"category","embeddable":true,"href":"https:\/\/www.europesays.com\/fr\/wp-json\/wp\/v2\/categories?post=262390"},{"taxonomy":"post_tag","embeddable":true,"href":"https:\/\/www.europesays.com\/fr\/wp-json\/wp\/v2\/tags?post=262390"}],"curies":[{"name":"wp","href":"https:\/\/api.w.org\/{rel}","templated":true}]}}