{"id":262394,"date":"2025-07-21T02:45:18","date_gmt":"2025-07-21T02:45:18","guid":{"rendered":"https:\/\/www.europesays.com\/fr\/262394\/"},"modified":"2025-07-21T02:45:18","modified_gmt":"2025-07-21T02:45:18","slug":"mercato-une-pepite-de-ligue-1-drague-ouvertement-lom","status":"publish","type":"post","link":"https:\/\/www.europesays.com\/fr\/262394\/","title":{"rendered":"Mercato, une p\u00e9pite de Ligue 1 drague ouvertement l&rsquo;OM"},"content":{"rendered":"<p class=\"mb-4 text-lg md:leading-8 break-words\">Son nom circule avec insistance depuis plusieurs semaines et suscite l\u2019int\u00e9r\u00eat de plusieurs clubs europ\u00e9ens, notamment en France. R\u00e9v\u00e9lation de la derni\u00e8re saison de Ligue 1, <a href=\"https:\/\/fr.news.yahoo.com\/sport\/malick-fofana-%C3%A0-l-om-151211813.html\" data-ylk=\"slk:ce jeune talent se retrouve au c\u0153ur des rumeurs de transfert et n\u2019h\u00e9site plus \u00e0 envoyer des signaux clairs \u00e0 ses courtisans dont l\u2019Olympique de Marseille.;elm:context_link;itc:0;sec:content-canvas;outcm:mb_qualified_link;_E:mb_qualified_link;ct:story;\" class=\"link  yahoo-link\" rel=\"nofollow noopener\" target=\"_blank\">ce jeune talent se retrouve au c\u0153ur des rumeurs de transfert et n\u2019h\u00e9site plus \u00e0 envoyer des signaux clairs \u00e0 ses courtisans dont l\u2019Olympique de Marseille.<\/a> Son avenir est flou, mais sa volont\u00e9 de franchir un cap est limpide.<\/p>\n<p>Hamed Junior Traor\u00e9 s\u00e9duit apr\u00e8s une saison convaincante<img alt=\"Hamed Junior Traor\u00e9 s\u00e9duit apr\u00e8s une saison convaincante\" loading=\"lazy\" width=\"960\" height=\"540\" decoding=\"async\" data-nimg=\"1\" class=\"rounded-lg\" style=\"color:transparent\" src=\"https:\/\/www.europesays.com\/fr\/wp-content\/uploads\/2025\/07\/5c1b2ccb4249ac10ac06450871a4a418.jpeg\"\/><\/p>\n<p>Hamed Junior Traor\u00e9 s\u00e9duit apr\u00e8s une saison convaincante<\/p>\n<p class=\"mb-4 text-lg md:leading-8 break-words\">De retour \u00e0 Bournemouth apr\u00e8s un pr\u00eat r\u00e9ussi \u00e0 l\u2019AJ Auxerre, Hamed Junior Traor\u00e9 ne cesse d\u2019attirer les regards. Auteur de 10 buts et 2 passes d\u00e9cisives en Ligue 1, l\u2019international ivoirien (10 s\u00e9lections, 2 buts) s\u2019est impos\u00e9 comme l\u2019un des milieux offensifs les plus d\u00e9cisifs du championnat. \u00c0 25 ans, <a href=\"https:\/\/www.goal.com\/fr\/listes\/mercato-l-om-fonce-sur-une-revelation-de-ligue-1\/blte02481a77d2923b8\" rel=\"nofollow noopener\" target=\"_blank\" data-ylk=\"slk:il est d\u00e9sormais suivi de pr\u00e8s par plusieurs clubs europ\u00e9ens, parmi lesquels Nice, West Ham, l\u2019Atalanta Bergame, Bologne, mais aussi la Fiorentina et l\u2019Olympique de Marseille;elm:context_link;itc:0;sec:content-canvas\" class=\"link \">il est d\u00e9sormais suivi de pr\u00e8s par plusieurs clubs europ\u00e9ens, parmi lesquels Nice, West Ham, l\u2019Atalanta Bergame, Bologne, mais aussi la Fiorentina et l\u2019Olympique de Marseille<\/a>, selon Foot Mercato.<\/p>\n<p class=\"mb-4 text-lg md:leading-8 break-words\">Dans un entretien accord\u00e9 au Corriere dello Sport, Hamed Junior Traor\u00e9 a laiss\u00e9 entendre qu\u2019un d\u00e9part \u00e9tait dans les tuyaux : \u00ab Si je vais rester \u00e0 Bournemouth ? On va voir. Je viens de terminer une saison importante, je veux tirer le meilleur de ce que j\u2019ai appris et continuer \u00e0 progresser \u00bb.<\/p>\n<p>Hamed Junior Traor\u00e9 ouvre la porte \u00e0 l&rsquo;OM<img alt=\"Hamed Junior Traor\u00e9 ouvre la porte \u00e0 l'OM \" loading=\"lazy\" width=\"960\" height=\"540\" decoding=\"async\" data-nimg=\"1\" class=\"rounded-lg\" style=\"color:transparent\" src=\"https:\/\/www.europesays.com\/fr\/wp-content\/uploads\/2025\/07\/6e917aff62af98ddb11fcbed4bca729c.jpeg\"\/><\/p>\n<p>Hamed Junior Traor\u00e9 ouvre la porte \u00e0 l&rsquo;OM<\/p>\n<p class=\"mb-4 text-lg md:leading-8 break-words\">Interrog\u00e9 plus pr\u00e9cis\u00e9ment sur l\u2019int\u00e9r\u00eat de l\u2019OM et de la Fiorentina, Hamed Junior Traor\u00e9 a affich\u00e9 une ouverture totale : \u00ab Une pr\u00e9f\u00e9rence ? Aucune. Je veux jouer pour un club qui croit en moi. Et si je pars, j\u2019aimerais que ce soit un transfert sec \u00bb. Une d\u00e9claration qui a tout l\u2019air d\u2019un appel du pied \u00e0 un club comme Marseille, d\u00e9sireux de renforcer son secteur offensif.<\/p>\n<p class=\"mb-4 text-lg md:leading-8 break-words\">Enfin, s\u2019il garde un attachement particulier \u00e0 la Serie A, Traor\u00e9 a \u00e9galement fait part de son affection pour le championnat fran\u00e7ais : \u00ab Si la Serie A me manque ? Oui, mais je me sentais aussi bien en Ligue 1 \u00bb. Le message est pass\u00e9.<\/p>\n","protected":false},"excerpt":{"rendered":"Son nom circule avec insistance depuis plusieurs semaines et suscite l\u2019int\u00e9r\u00eat de plusieurs clubs europ\u00e9ens, notamment en France.&hellip;\n","protected":false},"author":2,"featured_media":262395,"comment_status":"","ping_status":"","sticky":false,"template":"","format":"standard","meta":{"footnotes":""},"categories":[1412],"tags":[4245,1451,11809,1452,1453,1454,1455,1011,27,40215,17090,40217,66,40216,60],"class_list":{"0":"post-262394","1":"post","2":"type-post","3":"status-publish","4":"format-standard","5":"has-post-thumbnail","7":"category-f1","8":"tag-auxerre","9":"tag-f1","10":"tag-fiorentina","11":"tag-formula-1","12":"tag-formula1","13":"tag-formule-1","14":"tag-formule1","15":"tag-fr","16":"tag-france","17":"tag-hamed-junior","18":"tag-lolympique-de-marseille","19":"tag-la-fiorentina","20":"tag-ligue-1","21":"tag-rumeurs-de-transfert","22":"tag-sports"},"share_on_mastodon":{"url":"https:\/\/pubeurope.com\/@fr\/114888934942386598","error":""},"_links":{"self":[{"href":"https:\/\/www.europesays.com\/fr\/wp-json\/wp\/v2\/posts\/262394","targetHints":{"allow":["GET"]}}],"collection":[{"href":"https:\/\/www.europesays.com\/fr\/wp-json\/wp\/v2\/posts"}],"about":[{"href":"https:\/\/www.europesays.com\/fr\/wp-json\/wp\/v2\/types\/post"}],"author":[{"embeddable":true,"href":"https:\/\/www.europesays.com\/fr\/wp-json\/wp\/v2\/users\/2"}],"replies":[{"embeddable":true,"href":"https:\/\/www.europesays.com\/fr\/wp-json\/wp\/v2\/comments?post=262394"}],"version-history":[{"count":0,"href":"https:\/\/www.europesays.com\/fr\/wp-json\/wp\/v2\/posts\/262394\/revisions"}],"wp:featuredmedia":[{"embeddable":true,"href":"https:\/\/www.europesays.com\/fr\/wp-json\/wp\/v2\/media\/262395"}],"wp:attachment":[{"href":"https:\/\/www.europesays.com\/fr\/wp-json\/wp\/v2\/media?parent=262394"}],"wp:term":[{"taxonomy":"category","embeddable":true,"href":"https:\/\/www.europesays.com\/fr\/wp-json\/wp\/v2\/categories?post=262394"},{"taxonomy":"post_tag","embeddable":true,"href":"https:\/\/www.europesays.com\/fr\/wp-json\/wp\/v2\/tags?post=262394"}],"curies":[{"name":"wp","href":"https:\/\/api.w.org\/{rel}","templated":true}]}}