{"id":262399,"date":"2025-07-21T02:48:13","date_gmt":"2025-07-21T02:48:13","guid":{"rendered":"https:\/\/www.europesays.com\/fr\/262399\/"},"modified":"2025-07-21T02:48:13","modified_gmt":"2025-07-21T02:48:13","slug":"luana-belmondo-plus-heureuse-que-jamais-depuis-son-divorce-elle-partage-son-bonheur-retrouve-ne-vous-oubliez-jamais","status":"publish","type":"post","link":"https:\/\/www.europesays.com\/fr\/262399\/","title":{"rendered":"Luana Belmondo plus heureuse que jamais depuis son divorce, elle partage son bonheur retrouv\u00e9 : \u00ab\u00a0Ne vous oubliez jamais\u00a0\u00bb"},"content":{"rendered":"<p>      R\u00e9sum\u00e9<\/p>\n<p>Luana Belmondo, apr\u00e8s un divorce surprenant, affiche un renouveau \u00e9clatant et une confiance retrouv\u00e9e, affirmant l&rsquo;importance de se prioriser et de faire des choix courageux.<\/p>\n<p>        Sommaire<\/p>\n<p>\u00ab\u00a0Courageuse\u00a0\u00bb, \u00ab\u00a0splendide\u00a0\u00bb, \u00ab\u00a0resplendissante\u00a0\u00bb&#8230; Sur Instagram ce samedi 19 juillet, <strong>Luana Belmondo a fait l&rsquo;unanimit\u00e9<\/strong>. Depuis un an, <a href=\"https:\/\/www.public.fr\/mes-enfants-connaissent-lhistoire-luana-belmondo-larguee-par-paul-belmondo-apres-30-ans-de-mariage-lacteur-fait-une-mise-au-point\" target=\"_blank\" rel=\"noopener\">la cheffe cuistot s&rsquo;est s\u00e9par\u00e9e de Paul<\/a>, avec lequel elle \u00e9tait mari\u00e9e depuis plus de trois d\u00e9cennies. Un choix de vie qui a choqu\u00e9 tout le monde, mais qui s&rsquo;est r\u00e9v\u00e9l\u00e9 \u00eatre providentiel pour la quinquag\u00e9naire. Comme le d\u00e9montrent les photos qu&rsquo;elle publie r\u00e9guli\u00e8rement sur ses r\u00e9seaux sociaux, <strong>Luana a repris sa vie en main<\/strong> !<\/p>\n<p><strong>Plus souriante que jamais, Luana revit<\/strong>. La cheffe a accept\u00e9 de nouveaux d\u00e9fis et s&rsquo;est donn\u00e9 de nouvelles missions. En un an, la femme d&rsquo;affaires semble avoir fait plus pour elle qu&rsquo;en 33 ans de mariage. Un bonheur retrouv\u00e9, et <strong>sur lequel elle ne veut rien transiger<\/strong>. Et les photos qu&rsquo;elle publie parlent d&rsquo;elles-m\u00eames, et r\u00e9jouissent tous ses fans.<\/p>\n<p>Un changement de vie radical, Luana va mieux<\/p>\n<p>\u00ab\u00a0Tu as tellement chang\u00e9\u2026 Qu\u2019est-ce que tu as pris ?\u00a0\u00bb l&rsquo;interrogent souvent ses fans. <strong>Alors, dans une publication solaire, elle a tenu \u00e0 leur r\u00e9pondre<\/strong>. Et tr\u00e8s simplement, Luana le r\u00e9v\u00e8le : \u00ab\u00a0Des d\u00e9cisions\u00a0\u00bb. \u00ab\u00a0On est notre meilleur alli\u00e9. Faites-vous confiance. Ne vous oubliez jamais\u00a0\u00bb a philosoph\u00e9 l&rsquo;ex-bru de <a href=\"https:\/\/vsd.fr\/68402-jean-paul-belmondo-incontrolable-dans-un-magasin-stephane-guillon-temoigne\/\" target=\"_blank\" rel=\"noopener\">Jean-Paul Belmondo<\/a>. <\/p>\n<p>\u00ab\u00a0Vous \u00eates resplendissante Luana ! <strong>Malgr\u00e9 vos soucis, vous gardez le sourire, vous \u00eates incroyable<\/strong> !\u00a0\u00bb a \u00e9crit l&rsquo;une de ses fans, soutenue par des dizaines d&rsquo;autres : \u00ab\u00a0Vous \u00eates une femme tellement courageuse, <strong>prendre des d\u00e9cisions certes mais encore faut-il avoir le courage<\/strong>. Vous avez tant de chances d\u2019avoir des enfants comme vous avez mais ce n\u2019est pas un hasard, vous r\u00e9coltez ce que vous avez semez avec eux. J\u2019ai beaucoup d\u2019admiration pour vous et j\u2019aimerais avoir votre force\u00a0\u00bb.<\/p>\n<p>Une maman courage, une mamie g\u00e2teau<\/p>\n<p>Fille unique native de Rome, Luana est n\u00e9e Tenca. \u00c2g\u00e9e de 54 ans, elle a d\u00e9marr\u00e9 une carri\u00e8re de mannequin en France pour Balmain. Lorsqu&rsquo;elle rencontre Paul Belmondo, alors coureur automobile, <strong>elle d\u00e9cide de mettre un terme \u00e0 sa carri\u00e8re pour consacrer sa vie \u00e0 son homme<\/strong>. Elle ne s&rsquo;occupe plus que de son mari puis de leurs trois enfants, trois gar\u00e7ons qu&rsquo;ils pr\u00e9nommeront Alessandro, Victor et Giacomo. Depuis 2022, Luana est aussi une mamie g\u00e2teau, puisque <a href=\"https:\/\/www.public.fr\/helene-darroze-son-lien-tout-special-avec-alessandro-le-petit-fils-de-jean-paul-belmondo\" target=\"_blank\" rel=\"noopener\">Alessandro<\/a> est devenu papa d&rsquo;un petit gar\u00e7on pr\u00e9nomm\u00e9 Vah\u00e9.<\/p>\n<p>      Mentionn\u00e9s dans cet article<\/p>\n<p>\u00c0 lire aussi<\/p>\n","protected":false},"excerpt":{"rendered":"R\u00e9sum\u00e9 Luana Belmondo, apr\u00e8s un divorce surprenant, affiche un renouveau \u00e9clatant et une confiance retrouv\u00e9e, affirmant l&rsquo;importance de&hellip;\n","protected":false},"author":2,"featured_media":262400,"comment_status":"","ping_status":"","sticky":false,"template":"","format":"standard","meta":{"footnotes":""},"categories":[1359],"tags":[58,7681,59,1011,27,23633,23632,973],"class_list":{"0":"post-262399","1":"post","2":"type-post","3":"status-publish","4":"format-standard","5":"has-post-thumbnail","7":"category-people","8":"tag-divertissement","9":"tag-divorce","10":"tag-entertainment","11":"tag-fr","12":"tag-france","13":"tag-luana-belmondo","14":"tag-paul-belmondo","15":"tag-people"},"share_on_mastodon":{"url":"https:\/\/pubeurope.com\/@fr\/114888946680531092","error":""},"_links":{"self":[{"href":"https:\/\/www.europesays.com\/fr\/wp-json\/wp\/v2\/posts\/262399","targetHints":{"allow":["GET"]}}],"collection":[{"href":"https:\/\/www.europesays.com\/fr\/wp-json\/wp\/v2\/posts"}],"about":[{"href":"https:\/\/www.europesays.com\/fr\/wp-json\/wp\/v2\/types\/post"}],"author":[{"embeddable":true,"href":"https:\/\/www.europesays.com\/fr\/wp-json\/wp\/v2\/users\/2"}],"replies":[{"embeddable":true,"href":"https:\/\/www.europesays.com\/fr\/wp-json\/wp\/v2\/comments?post=262399"}],"version-history":[{"count":0,"href":"https:\/\/www.europesays.com\/fr\/wp-json\/wp\/v2\/posts\/262399\/revisions"}],"wp:featuredmedia":[{"embeddable":true,"href":"https:\/\/www.europesays.com\/fr\/wp-json\/wp\/v2\/media\/262400"}],"wp:attachment":[{"href":"https:\/\/www.europesays.com\/fr\/wp-json\/wp\/v2\/media?parent=262399"}],"wp:term":[{"taxonomy":"category","embeddable":true,"href":"https:\/\/www.europesays.com\/fr\/wp-json\/wp\/v2\/categories?post=262399"},{"taxonomy":"post_tag","embeddable":true,"href":"https:\/\/www.europesays.com\/fr\/wp-json\/wp\/v2\/tags?post=262399"}],"curies":[{"name":"wp","href":"https:\/\/api.w.org\/{rel}","templated":true}]}}