{"id":262401,"date":"2025-07-21T02:49:34","date_gmt":"2025-07-21T02:49:34","guid":{"rendered":"https:\/\/www.europesays.com\/fr\/262401\/"},"modified":"2025-07-21T02:49:34","modified_gmt":"2025-07-21T02:49:34","slug":"cette-biscuiterie-des-cotes-darmor-va-inaugurer-une-statue-geante-de-kito-ce-mardi-15-juillet","status":"publish","type":"post","link":"https:\/\/www.europesays.com\/fr\/262401\/","title":{"rendered":"Cette biscuiterie des C\u00f4tes-d&rsquo;Armor va inaugurer une statue g\u00e9ante de Kito ce mardi 15 juillet"},"content":{"rendered":"<p>            Par<br \/>\n        <strong><br \/>\n            <a href=\"https:\/\/actu.fr\/auteur\/laurent-lefur\" title=\"Consulter tous les articles de Laurent Le Fur\" target=\"_blank\" rel=\"noopener\">Laurent Le Fur<\/a><br \/>\n        <\/strong><\/p>\n<p>        Publi\u00e9 le<\/p>\n<p>            14 juil. 2025 \u00e0 12h07        <\/p>\n<p>La statue de Saint-Honor\u00e9, command\u00e9e pour la Vall\u00e9e des Saints \u00e0 Carno\u00ebt, sera d\u00e9voil\u00e9e ce mardi 15 juillet \u00e0 la Biscuiterie M\u00e9nou, \u00e0 Plougonver (C\u00f4tes-d\u2019Armor). C\u2019est l\u2019\u00e9tablissement qui a financ\u00e9 la r\u00e9alisation de cette oeuvre, \u00e0 l\u2019effigie du patron des boulangers, p\u00e2tissiers et meuniers.<\/p>\n<p class=\" wall-content\">Cette statue monumentale en granit a \u00e9t\u00e9 r\u00e9alis\u00e9e par l\u2019artiste Kito, qui a d\u00e9j\u00e0 sculpt\u00e9 plusieurs \u0153uvres \u00e0 la Vall\u00e9e des Saints. Il faudra attendre demain pour voir les premi\u00e8res images de cette oeuvre tr\u00e8s attendue.<\/p>\n<p>Un fest-deiz ce mardi 15 juillet \u00e0 la Biscuiterie<\/p>\n<p class=\" wall-content\">La statue de Saint-Honor\u00e9 sera expos\u00e9e devant la biscuiterie M\u00e9nou durant tout l\u2019\u00e9t\u00e9 \u00e0 compter de ce mardi 15 juillet. Pour f\u00eater cet \u00e9v\u00e9nement, un fest-deiz sera organis\u00e9 \u00e0 partir de 16h30 \u00e0 la Biscuiterie M\u00e9nou.<\/p>\n<p class=\" wall-content\">Une belle mani\u00e8re aussi de f\u00eater les 45 ans de l\u2019entreprise et les 10 ans de la boutique, qui avait ouvert en 2015.<\/p>\n<p class=\" wall-content\">Plusieurs autres \u00e9v\u00e9nements sont pr\u00e9vues cet \u00e9t\u00e9 \u00e0 la Biscuiterie M\u00e9nou, notamment une exposition et des animations sur la fabrication du pain, ainsi que des visites guid\u00e9es du champ de bl\u00e9 avec une approche historique du sujet sous la conduite d\u2019Ewen Rabier, un passionn\u00e9 du secteur.<\/p>\n<p>Vid\u00e9os : en ce moment sur ActuLe programme des animations de juillet<\/p>\n<p class=\" wall-content\">Voici le programme des animations propos\u00e9es durant ce mois de juillet \u00e0 la biscuiterie M\u00e9nou, \u00e0 Plougonver.<\/p>\n<p class=\" wall-content\">Go\u00fbters bavards. Le 17\u00a0juillet. 16 h \u00e0 18 h. Gratuit. Sc\u00e8ne ouverte chant, histoire, conte, instruments.<\/p>\n<p class=\" wall-content\">Balade patrimoine. Les 16, 23 et 30\u00a0juillet de 14 h 30 \u00e0 15 h 30. Tarif : 5\u00a0euros. Anim\u00e9 par Ewen Rabier. Informations au 06 48 74 20 71. Sortie en lien avec l\u2019histoire du pain, r\u00e9cits historiques et contes.<\/p>\n<p class=\" wall-content\">Journ\u00e9e d\u00e9couverte de la fabrication du pain, des galettes et des cr\u00eapes. Le 24\u00a0juillet. De 10 h \u00e0 18 h. Gratuit. Atelier pain pour enfants : d\u00e9monstration et fabrication de pains.<\/p>\n<p class=\" wall-content\">Bal swing. Le 22\u00a0juillet de 17 h \u00e0 18 h 30 Gratuit. Avec Swing de ouf et Sa troupe. 5 musiciens qui revisitent les standards jazz swing.<\/p>\n<p class=\" wall-content\">Guinguette. Le 31\u00a0juillet de 16 h 30 \u00e0 18 h. Gratuit. Avec Yvon Fraval.<\/p>\n<p class=\" wall-content\">Suivez toute l\u2019actualit\u00e9 de vos villes et m\u00e9dias favoris en vous inscrivant \u00e0 <a href=\"https:\/\/moncompte.actu.fr\" title=\"D\u00e9couvez Mon Actu\" rel=\"nofollow noopener\" data-trk=\"{&quot;cta&quot;:{&quot;action&quot;:&quot;https:\\\/\\\/moncompte.actu.fr&quot;,&quot;category&quot;:&quot;mon compte&quot;,&quot;from&quot;:&quot;article footer&quot;,&quot;name&quot;:&quot;Mon actu&quot;,&quot;type&quot;:&quot;cta&quot;}}\" target=\"_blank\">Mon Actu<\/a>.<\/p>\n","protected":false},"excerpt":{"rendered":"Par Laurent Le Fur Publi\u00e9 le 14 juil. 2025 \u00e0 12h07 La statue de Saint-Honor\u00e9, command\u00e9e pour la&hellip;\n","protected":false},"author":2,"featured_media":262402,"comment_status":"","ping_status":"","sticky":false,"template":"","format":"standard","meta":{"footnotes":""},"categories":[1358],"tags":[1348,1384,1385,1386,58,59,40218,1011,27,104],"class_list":{"0":"post-262401","1":"post","2":"type-post","3":"status-publish","4":"format-standard","5":"has-post-thumbnail","7":"category-arts-et-design","8":"tag-arts","9":"tag-arts-and-design","10":"tag-arts-et-design","11":"tag-design","12":"tag-divertissement","13":"tag-entertainment","14":"tag-fest-noz","15":"tag-fr","16":"tag-france","17":"tag-societe"},"share_on_mastodon":{"url":"https:\/\/pubeurope.com\/@fr\/114888952177131170","error":""},"_links":{"self":[{"href":"https:\/\/www.europesays.com\/fr\/wp-json\/wp\/v2\/posts\/262401","targetHints":{"allow":["GET"]}}],"collection":[{"href":"https:\/\/www.europesays.com\/fr\/wp-json\/wp\/v2\/posts"}],"about":[{"href":"https:\/\/www.europesays.com\/fr\/wp-json\/wp\/v2\/types\/post"}],"author":[{"embeddable":true,"href":"https:\/\/www.europesays.com\/fr\/wp-json\/wp\/v2\/users\/2"}],"replies":[{"embeddable":true,"href":"https:\/\/www.europesays.com\/fr\/wp-json\/wp\/v2\/comments?post=262401"}],"version-history":[{"count":0,"href":"https:\/\/www.europesays.com\/fr\/wp-json\/wp\/v2\/posts\/262401\/revisions"}],"wp:featuredmedia":[{"embeddable":true,"href":"https:\/\/www.europesays.com\/fr\/wp-json\/wp\/v2\/media\/262402"}],"wp:attachment":[{"href":"https:\/\/www.europesays.com\/fr\/wp-json\/wp\/v2\/media?parent=262401"}],"wp:term":[{"taxonomy":"category","embeddable":true,"href":"https:\/\/www.europesays.com\/fr\/wp-json\/wp\/v2\/categories?post=262401"},{"taxonomy":"post_tag","embeddable":true,"href":"https:\/\/www.europesays.com\/fr\/wp-json\/wp\/v2\/tags?post=262401"}],"curies":[{"name":"wp","href":"https:\/\/api.w.org\/{rel}","templated":true}]}}