{"id":262405,"date":"2025-07-21T02:51:11","date_gmt":"2025-07-21T02:51:11","guid":{"rendered":"https:\/\/www.europesays.com\/fr\/262405\/"},"modified":"2025-07-21T02:51:11","modified_gmt":"2025-07-21T02:51:11","slug":"en-moins-de-6-episodes-cette-serie-va-vous-marquer-a-vie","status":"publish","type":"post","link":"https:\/\/www.europesays.com\/fr\/262405\/","title":{"rendered":"En moins de 6 \u00e9pisodes, cette s\u00e9rie va vous marquer \u00e0 vie"},"content":{"rendered":"<p itemprop=\"description\">Vous aimez les s\u00e9ries courtes et intenses<br \/>\n? Alors, on a trouv\u00e9 ce dont vous aviez besoin avec cette fiction<br \/>\nfran\u00e7aise.<\/p>\n<p class=\"p1\">Les sagas de l\u2019\u00e9t\u00e9, autrefois incontournables sur les<br \/>\ncha\u00eenes fran\u00e7aises, faisaient vibrer les t\u00e9l\u00e9spectateurs avec leurs<br \/>\nintrigues pleines de secrets de famille, de drames amoureux et de<br \/>\nmyst\u00e8res en tout genre. Ces <a href=\"https:\/\/www.bibamagazine.fr\/culture\/netflix\/serie-policiere-mexicaine-la-bonne-surprise-netflix-du-mois-479176.html\" target=\"_blank\" rel=\"noopener\"><br \/>\nmini-s\u00e9ries<\/a> tenaient en haleine des millions de personnes<br \/>\nchaque semaine. Depuis, ce genre t\u00e9l\u00e9visuel s\u2019est fait plus rare,<br \/>\nsupplant\u00e9 par les productions internationales.<\/p>\n<p class=\"p1\">Mais en 2025, Netflix signe un retour fracassant de<br \/>\nce format avec <strong>Soleil noir<\/strong>, une cr\u00e9ation<br \/>\nfran\u00e7aise en six \u00e9pisodes qui risque de vous hanter longtemps apr\u00e8s<br \/>\nle g\u00e9n\u00e9rique final. R\u00e9alis\u00e9e par Nils Antoine-Sambuc, d\u00e9j\u00e0 \u00e0<br \/>\nl\u2019origine de projets marquants comme En Th\u00e9rapie et La<br \/>\nMaison, Soleil noir nous plonge dans les collines parfum\u00e9es de<br \/>\nGrasse.<\/p>\n<p>Soleil noir : la nouvelle saga de l\u2019\u00e9t\u00e9 selon<br \/>\nNetflix<\/p>\n<p class=\"p1\">L\u2019histoire suit Alba, interpr\u00e9t\u00e9e par la talentueuse<br \/>\nAva Baya, une jeune m\u00e8re qui tente de fuir un pass\u00e9 douloureux avec<br \/>\nson fils. Cherchant un nouveau d\u00e9part, elle se retrouve employ\u00e9e<br \/>\ndans un prestigieux domaine floricole appartenant \u00e0 la famille<br \/>\nLasserre. Mais le patriarche, Arnaud Lasserre, meurt brutalement<br \/>\ndans des circonstances suspectes, et Alba devient la principale<br \/>\naccus\u00e9e.<\/p>\n<p><img decoding=\"async\" src=\"https:\/\/www.europesays.com\/fr\/wp-content\/uploads\/2025\/07\/1753066271_341_hqdefault.jpg\" width=\"100%\" height=\"auto\"\/><\/p>\n<p class=\"p1\">Contre toute attente, elle d\u00e9couvre que le d\u00e9funt lui<br \/>\na l\u00e9gu\u00e9 une partie du domaine, provoquant la col\u00e8re et la<br \/>\n<strong>jalousie de ses h\u00e9ritiers.<\/strong> Lucie et Mathieu, les<br \/>\nenfants Lasserre, ainsi que B\u00e9atrice, la veuve au caract\u00e8re bien<br \/>\ntremp\u00e9, voient cette \u00e9trang\u00e8re comme une menace. Alba, elle, tente<br \/>\nde prouver son innocence tout en d\u00e9couvrant des liens cach\u00e9s entre<br \/>\nsa propre histoire et celle de cette dynastie floricole.<\/p>\n<p>Un casting cinq \u00e9toiles<\/p>\n<p class=\"p1\">C\u00f4t\u00e9 interpr\u00e9tation, Netflix frappe fort. Aux c\u00f4t\u00e9s<br \/>\nd\u2019Ava Baya, la pr\u00e9sence de <strong>Guillaume Gouix<\/strong> (Les<br \/>\nRevenants), <strong>Louise Coldefy<\/strong> (Family Business),<br \/>\n<strong>Thibault de Montalembert<\/strong> (Dix pour cent) ou encore<br \/>\n<strong>Claire Romain<\/strong> donne de l\u2019\u00e9paisseur \u00e0 cette fresque<br \/>\nfamiliale. Mais c\u2019est <strong>Isabelle Adjani<\/strong>, dans la<br \/>\npeau d\u2019une matriarche \u00e0 la fois myst\u00e9rieuse et extravagante, qui<br \/>\nvole litt\u00e9ralement la vedette. Entre rires et frissons, elle<br \/>\ninsuffle une intensit\u00e9 rare \u00e0 cette mini-s\u00e9rie. En reprenant les<br \/>\ncodes des sagas de l\u2019\u00e9t\u00e9 \u2014 paysages envo\u00fbtants, secrets enfouis et<br \/>\nmusique dramatique, Soleil noir r\u00e9ussit \u00e0 s\u00e9duire un<br \/>\npublic interg\u00e9n\u00e9rationnel.<\/p>\n<p class=\"p1\">L\u2019intrigue, truff\u00e9e de rebondissements et de<br \/>\nflashbacks, est con\u00e7ue pour maintenir le suspense jusqu\u2019au dernier<br \/>\n\u00e9pisode. Avec seulement six \u00e9pisodes, la s\u00e9rie se d\u00e9vore en un<br \/>\nweek-end, mais elle laisse un go\u00fbt de trop peu tant son univers est<br \/>\nimmersif. Soleil noir prouve que <a href=\"https:\/\/www.bibamagazine.fr\/culture\/la-meilleure-serie-jai-adore-avec-88-de-score-cette-serie-netflix-est-aussi-geniale-que-breaking-bad-479080.html\" target=\"_blank\" rel=\"noopener\"><br \/>\nles sagas \u00e0 la fran\u00e7aise<\/a> ont encore de beaux jours devant<br \/>\nelles\u2026 surtout lorsqu\u2019elles sont r\u00e9invent\u00e9es avec autant de<br \/>\nsoin.<\/p>\n","protected":false},"excerpt":{"rendered":"Vous aimez les s\u00e9ries courtes et intenses ? Alors, on a trouv\u00e9 ce dont vous aviez besoin avec&hellip;\n","protected":false},"author":2,"featured_media":262406,"comment_status":"","ping_status":"","sticky":false,"template":"","format":"standard","meta":{"footnotes":""},"categories":[1356],"tags":[58,59,1011,27,252,1364,729],"class_list":{"0":"post-262405","1":"post","2":"type-post","3":"status-publish","4":"format-standard","5":"has-post-thumbnail","7":"category-television","8":"tag-divertissement","9":"tag-entertainment","10":"tag-fr","11":"tag-france","12":"tag-television","13":"tag-tv","14":"tag-yout_video"},"share_on_mastodon":{"url":"","error":""},"_links":{"self":[{"href":"https:\/\/www.europesays.com\/fr\/wp-json\/wp\/v2\/posts\/262405","targetHints":{"allow":["GET"]}}],"collection":[{"href":"https:\/\/www.europesays.com\/fr\/wp-json\/wp\/v2\/posts"}],"about":[{"href":"https:\/\/www.europesays.com\/fr\/wp-json\/wp\/v2\/types\/post"}],"author":[{"embeddable":true,"href":"https:\/\/www.europesays.com\/fr\/wp-json\/wp\/v2\/users\/2"}],"replies":[{"embeddable":true,"href":"https:\/\/www.europesays.com\/fr\/wp-json\/wp\/v2\/comments?post=262405"}],"version-history":[{"count":0,"href":"https:\/\/www.europesays.com\/fr\/wp-json\/wp\/v2\/posts\/262405\/revisions"}],"wp:featuredmedia":[{"embeddable":true,"href":"https:\/\/www.europesays.com\/fr\/wp-json\/wp\/v2\/media\/262406"}],"wp:attachment":[{"href":"https:\/\/www.europesays.com\/fr\/wp-json\/wp\/v2\/media?parent=262405"}],"wp:term":[{"taxonomy":"category","embeddable":true,"href":"https:\/\/www.europesays.com\/fr\/wp-json\/wp\/v2\/categories?post=262405"},{"taxonomy":"post_tag","embeddable":true,"href":"https:\/\/www.europesays.com\/fr\/wp-json\/wp\/v2\/tags?post=262405"}],"curies":[{"name":"wp","href":"https:\/\/api.w.org\/{rel}","templated":true}]}}