{"id":262407,"date":"2025-07-21T02:52:18","date_gmt":"2025-07-21T02:52:18","guid":{"rendered":"https:\/\/www.europesays.com\/fr\/262407\/"},"modified":"2025-07-21T02:52:18","modified_gmt":"2025-07-21T02:52:18","slug":"grosse-frayeur-pour-katy-perry-en-plein-concert-la-structure-volante-sur-laquelle-elle-se-trouvait-a-chute-de-quelques-metres-video","status":"publish","type":"post","link":"https:\/\/www.europesays.com\/fr\/262407\/","title":{"rendered":"Grosse frayeur pour Katy Perry en plein concert\u00a0: la structure volante sur laquelle elle se trouvait a chut\u00e9 de quelques m\u00e8tres (vid\u00e9o)"},"content":{"rendered":"<p class=\"ap-StoryElement ap-StoryElement--mb ap-StoryText\">Un show dangereux. Katy Perry l&rsquo;a \u00e9chapp\u00e9 belle lors de son concert, ce vendredi 28 juillet, San Francisco. En effet, l&rsquo;issue de cette soir\u00e9e aurait pu \u00eatre bien plus dramatique. Alors que la chanteuse se trouvait sur un papillon g\u00e9ant qui volait au-dessus du public pendant le titre \u00ab\u00a0Roar\u00a0\u00bb, la structure a chut\u00e9 de quelques m\u00e8tres.<\/p>\n<p class=\"ap-StoryElement ap-StoryElement--mb ap-StoryText\">Katy Perry a alors perdu l&rsquo;\u00e9quilibre a manqu\u00e9 de tomber. Heureusement, elle a r\u00e9ussi \u00e0 se rattraper et \u00e0 \u00e9viter le pire. Elle a alors pris quelques secondes afin de retrouver ses esprits et se remettre de ses \u00e9motions, avant de continuer sa chanson. \u00ab\u00a0Pas ce soir, Sata !\u00a0\u00bb, a-t-elle alors lanc\u00e9 \u00e0 la fin du morceau, comme le rapporte Soirmag.<\/p>\n","protected":false},"excerpt":{"rendered":"Un show dangereux. Katy Perry l&rsquo;a \u00e9chapp\u00e9 belle lors de son concert, ce vendredi 28 juillet, San Francisco.&hellip;\n","protected":false},"author":2,"featured_media":262408,"comment_status":"","ping_status":"","sticky":false,"template":"","format":"standard","meta":{"footnotes":""},"categories":[1355],"tags":[119,837,1697,58,59,1011,27,8553,1361,873],"class_list":{"0":"post-262407","1":"post","2":"type-post","3":"status-publish","4":"format-standard","5":"has-post-thumbnail","7":"category-musique","8":"tag-accident","9":"tag-chute","10":"tag-concert","11":"tag-divertissement","12":"tag-entertainment","13":"tag-fr","14":"tag-france","15":"tag-katy-perry","16":"tag-music","17":"tag-musique"},"share_on_mastodon":{"url":"https:\/\/pubeurope.com\/@fr\/114888962450580695","error":""},"_links":{"self":[{"href":"https:\/\/www.europesays.com\/fr\/wp-json\/wp\/v2\/posts\/262407","targetHints":{"allow":["GET"]}}],"collection":[{"href":"https:\/\/www.europesays.com\/fr\/wp-json\/wp\/v2\/posts"}],"about":[{"href":"https:\/\/www.europesays.com\/fr\/wp-json\/wp\/v2\/types\/post"}],"author":[{"embeddable":true,"href":"https:\/\/www.europesays.com\/fr\/wp-json\/wp\/v2\/users\/2"}],"replies":[{"embeddable":true,"href":"https:\/\/www.europesays.com\/fr\/wp-json\/wp\/v2\/comments?post=262407"}],"version-history":[{"count":0,"href":"https:\/\/www.europesays.com\/fr\/wp-json\/wp\/v2\/posts\/262407\/revisions"}],"wp:featuredmedia":[{"embeddable":true,"href":"https:\/\/www.europesays.com\/fr\/wp-json\/wp\/v2\/media\/262408"}],"wp:attachment":[{"href":"https:\/\/www.europesays.com\/fr\/wp-json\/wp\/v2\/media?parent=262407"}],"wp:term":[{"taxonomy":"category","embeddable":true,"href":"https:\/\/www.europesays.com\/fr\/wp-json\/wp\/v2\/categories?post=262407"},{"taxonomy":"post_tag","embeddable":true,"href":"https:\/\/www.europesays.com\/fr\/wp-json\/wp\/v2\/tags?post=262407"}],"curies":[{"name":"wp","href":"https:\/\/api.w.org\/{rel}","templated":true}]}}